{"id":1009,"date":"2021-10-27T12:58:47","date_gmt":"2021-10-27T11:58:47","guid":{"rendered":"http:\/\/regis-schlagdenhauffen.eu\/?p=1009"},"modified":"2021-10-27T12:58:50","modified_gmt":"2021-10-27T11:58:50","slug":"table-ronde-therapies-de-conversion","status":"publish","type":"post","link":"https:\/\/regis-schlagdenhauffen.eu\/?p=1009","title":{"rendered":"Table ronde &#8211; Th\u00e9rapies de conversion"},"content":{"rendered":"\n<ul><li>Mardi 9 novembre 2021 de 17 \u00e0 20 h au <strong>Centre de colloques du Campus Condorcet<\/strong> (Auditorium 250 &#8211; Place du Front populaire &#8211; Aubervilliers)<\/li><\/ul>\n\n\n\n<p>\u00c9lectrochocs, lobotomies frontales, \u00ab th\u00e9rapies \u00bb hormonales\u2026 : dans les ann\u00e9es 1970, aux \u00c9tats-Unis, la d\u00e9-psychiatrisation de l\u2019homosexualit\u00e9 met progressivement fin \u00e0 ces pratiques m\u00e9dicales inhumaines, tout en donnant naissance \u00e0 des mouvements religieux qui pr\u00e9tendent \u00ab gu\u00e9rir \u00bb ce qu\u2019elles consid\u00e8rent comme un p\u00e9ch\u00e9, une d\u00e9viance inacceptable. Depuis, les plus actives de ces associations \u2013 les \u00e9vang\u00e9liques d\u2019Exodus ou les catholiques de Courage \u2013 ont essaim\u00e9 sur tous les continents, \u00e0 travers une logique de franchises. B\u00e9n\u00e9ficiant d\u2019une confortable notori\u00e9t\u00e9 aux \u00c9tats-Unis ou dans l\u2019ultra-catholique Pologne, ces r\u00e9seaux \u0153uvrent en toute discr\u00e9tion en France et en Allemagne.<\/p>\n\n\n\n<p>Mais si les m\u00e9thodes diff\u00e8rent, l\u2019objectif reste identique : convertir les personnes homosexuelles \u00e0 l\u2019h\u00e9t\u00e9rosexualit\u00e9 ou, \u00e0 d\u00e9faut, les pousser \u00e0 la continence. Comme Deb, fille d\u2019\u00e9vang\u00e9listes de l\u2019Arkansas ouvertement homophobes, Jean-Michel Dunand, aujourd\u2019hui animateur d\u2019une communaut\u00e9 \u0153cum\u00e9nique homosensible et transgenre, a subi de traumatisantes s\u00e9ances d\u2019exorcisme. De son c\u00f4t\u00e9, la Polonaise Ewa a \u00e9t\u00e9 ballott\u00e9e de messes de gu\u00e9rison en consultations chez un sexologue adepte des d\u00e9charges \u00e9lectriques.<\/p>\n\n\n\n<p>Une<strong> table ronde sur les th\u00e9rapies de conversion est organis\u00e9e le mardi 9 novembre 2021, \u00e0 partir de 17 heures,<\/strong> en pr\u00e9sence de sociologues, anthropologues et philosophes ainsi que repr\u00e9sentants d&rsquo;association. Des extraits du film documentaire <strong><a href=\"https:\/\/youtu.be\/BlEd_YHrHUk\" target=\"_blank\" rel=\"noreferrer noopener\"><em>Homoth\u00e9rapies : conversion forc\u00e9e<\/em><\/a> <\/strong>(Arte), du r\u00e9alisateur Bernard Nicolas, seront diffus\u00e9s.<\/p>\n\n\n\n<h4>Programme<\/h4>\n\n\n\n<ul><li>17h-18h30 \u2013 Table ronde pr\u00e9sid\u00e9e par<strong> C\u00e9line B\u00e9raud<\/strong> (sociologue), avec : <strong>Franck Bouchetal<\/strong> (sociologue),<strong> Cl\u00e9o Carastro<\/strong> (anthropologue et historienne), <strong>Barbara Carnevali<\/strong> (philosophe), <strong>Marco Diani<\/strong> (sociologue), <strong>Anthony Favier<\/strong> (Association \u00ab David et Jonathan \u00bb), <strong>R\u00e9gis Schlagdenhauffen<\/strong> (sociologue), <strong>Marina Zuccon<\/strong> (Association \u00ab Carrefour des Chr\u00e9tiens inclusifs \u00bb)<\/li><li>18h30-19h15\u00a0\u2013 Projection d&rsquo;extraits du film de Bernard Nicolas, <strong><em>Homoth\u00e9rapies: conversion forc\u00e9e<\/em><\/strong><\/li><li>19h15-20h\u00a0\u2013 D\u00e9bat sur le film documentaire avec le r\u00e9alisateur\u00a0<strong>Bernard Nicolas<\/strong> et en pr\u00e9sence de madame <strong>Elisabeth Moreno,<\/strong> ministre d\u00e9l\u00e9gu\u00e9e charg\u00e9e de l&rsquo;\u00c9galit\u00e9 entre les femmes et les hommes, de la Diversit\u00e9 et de l&rsquo;\u00c9galit\u00e9 des chances <em>(sous r\u00e9serve),<\/em> de <strong>Sophie Eliz\u00e9on,<\/strong> pr\u00e9f\u00e8te d\u00e9l\u00e9gu\u00e9e \u00e0 la Dilcrah, et des d\u00e9put\u00e9\u00b7es <strong>Laurence Vanceunebrock<\/strong> et<strong> Bastien Lachaud<\/strong> <em>(sous r\u00e9serve)<\/em> qui ont r\u00e9dig\u00e9 le rapport parlementaire de 2019.<\/li><\/ul>\n","protected":false},"excerpt":{"rendered":"<p>Mardi 9 novembre 2021 de 17 \u00e0 20 h au Centre de colloques du Campus Condorcet (Auditorium 250 &#8211; Place du Front populaire &#8211; Aubervilliers) \u00c9lectrochocs, lobotomies frontales, \u00ab th\u00e9rapies \u00bb hormonales\u2026 : dans les ann\u00e9es 1970, aux \u00c9tats-Unis, la d\u00e9-psychiatrisation de l\u2019homosexualit\u00e9 met progressivement fin \u00e0 ces pratiques m\u00e9dicales\u2026<\/p>\n<p class=\"continue-reading-button\"> <a class=\"continue-reading-link\" href=\"https:\/\/regis-schlagdenhauffen.eu\/?p=1009\">Lire la suite&#8230;<i class=\"crycon-right-dir\"><\/i><\/a><\/p>\n","protected":false},"author":1,"featured_media":1010,"comment_status":"open","ping_status":"open","sticky":false,"template":"","format":"standard","meta":[],"categories":[39],"tags":[],"_links":{"self":[{"href":"https:\/\/regis-schlagdenhauffen.eu\/index.php?rest_route=\/wp\/v2\/posts\/1009"}],"collection":[{"href":"https:\/\/regis-schlagdenhauffen.eu\/index.php?rest_route=\/wp\/v2\/posts"}],"about":[{"href":"https:\/\/regis-schlagdenhauffen.eu\/index.php?rest_route=\/wp\/v2\/types\/post"}],"author":[{"embeddable":true,"href":"https:\/\/regis-schlagdenhauffen.eu\/index.php?rest_route=\/wp\/v2\/users\/1"}],"replies":[{"embeddable":true,"href":"https:\/\/regis-schlagdenhauffen.eu\/index.php?rest_route=%2Fwp%2Fv2%2Fcomments&post=1009"}],"version-history":[{"count":1,"href":"https:\/\/regis-schlagdenhauffen.eu\/index.php?rest_route=\/wp\/v2\/posts\/1009\/revisions"}],"predecessor-version":[{"id":1011,"href":"https:\/\/regis-schlagdenhauffen.eu\/index.php?rest_route=\/wp\/v2\/posts\/1009\/revisions\/1011"}],"wp:featuredmedia":[{"embeddable":true,"href":"https:\/\/regis-schlagdenhauffen.eu\/index.php?rest_route=\/wp\/v2\/media\/1010"}],"wp:attachment":[{"href":"https:\/\/regis-schlagdenhauffen.eu\/index.php?rest_route=%2Fwp%2Fv2%2Fmedia&parent=1009"}],"wp:term":[{"taxonomy":"category","embeddable":true,"href":"https:\/\/regis-schlagdenhauffen.eu\/index.php?rest_route=%2Fwp%2Fv2%2Fcategories&post=1009"},{"taxonomy":"post_tag","embeddable":true,"href":"https:\/\/regis-schlagdenhauffen.eu\/index.php?rest_route=%2Fwp%2Fv2%2Ftags&post=1009"}],"curies":[{"name":"wp","href":"https:\/\/api.w.org\/{rel}","templated":true}]}}