{"id":1023,"date":"2022-02-16T20:26:16","date_gmt":"2022-02-16T19:26:16","guid":{"rendered":"http:\/\/regis-schlagdenhauffen.eu\/?p=1023"},"modified":"2022-02-16T20:31:10","modified_gmt":"2022-02-16T19:31:10","slug":"projection-debat-great-freedom","status":"publish","type":"post","link":"https:\/\/regis-schlagdenhauffen.eu\/?p=1023","title":{"rendered":"Projection-d\u00e9bat \u00ab\u00a0Great Freedom\u00a0\u00bb"},"content":{"rendered":"\n<p>Lundi 21 f\u00e9vrier \u00e0 20 h au <strong>Cin\u00e9ma Saint-Andr\u00e9 des Arts<\/strong> (M\u00b0 St-Michel),  s\u00e9ance sp\u00e9ciale du film GREAT FREEDOM (de Sebastian Meise, 2022) suivie d&rsquo;une discussion-rencontre que j&rsquo;aurai le plaisir d&rsquo;animer.<\/p>\n\n\n\n<p>Le film retrace l&rsquo;histoire d&rsquo;un homme, Hans Hoffmann, d\u00e9port\u00e9 pour homosexualit\u00e9 durant la Seconde Guerre mondiale puis imm\u00e9diatement incarc\u00e9r\u00e9 en prison \u00e0 sa sortie du camp. Adepte des pissoti\u00e8res et autres tasses, il sera de nouveau condamn\u00e9 et emprisonn\u00e9 en 1957 puis en 1968, au titre du \u00a7175 du Code p\u00e9nal allemand qui r\u00e9primait jusqu&rsquo;en 1969 les relations \u00ab\u00a0contre nature\u00a0\u00bb entre hommes mutuellement consentants tout comme la \u00ab\u00a0bestialit\u00e9\u00a0\u00bb. <\/p>\n\n\n\n<p>Plus d&rsquo;infos ci-dessous.  <\/p>\n\n\n\n<figure class=\"wp-block-embed is-type-wp-embed is-provider-le-polyester wp-block-embed-le-polyester\"><div class=\"wp-block-embed__wrapper\">\n<blockquote class=\"wp-embedded-content\" data-secret=\"ZsTlIHubME\"><a href=\"http:\/\/www.lepolyester.com\/festival-de-cannes-critique-great-freedom\/\">Critique : Great Freedom<\/a><\/blockquote><iframe class=\"wp-embedded-content\" sandbox=\"allow-scripts\" security=\"restricted\" style=\"position: absolute; clip: rect(1px, 1px, 1px, 1px);\" title=\"\u00ab\u00a0Critique : Great Freedom\u00a0\u00bb &#8212; Le Polyester\" src=\"http:\/\/www.lepolyester.com\/festival-de-cannes-critique-great-freedom\/embed\/#?secret=ZsTlIHubME\" data-secret=\"ZsTlIHubME\" width=\"600\" height=\"338\" frameborder=\"0\" marginwidth=\"0\" marginheight=\"0\" scrolling=\"no\"><\/iframe>\n<\/div><\/figure>\n","protected":false},"excerpt":{"rendered":"<p>Lundi 21 f\u00e9vrier \u00e0 20 h au Cin\u00e9ma Saint-Andr\u00e9 des Arts (M\u00b0 St-Michel), s\u00e9ance sp\u00e9ciale du film GREAT FREEDOM (de Sebastian Meise, 2022) suivie d&rsquo;une discussion-rencontre que j&rsquo;aurai le plaisir d&rsquo;animer. Le film retrace l&rsquo;histoire d&rsquo;un homme, Hans Hoffmann, d\u00e9port\u00e9 pour homosexualit\u00e9 durant la Seconde Guerre mondiale puis imm\u00e9diatement incarc\u00e9r\u00e9\u2026<\/p>\n<p class=\"continue-reading-button\"> <a class=\"continue-reading-link\" href=\"https:\/\/regis-schlagdenhauffen.eu\/?p=1023\">Lire la suite&#8230;<i class=\"crycon-right-dir\"><\/i><\/a><\/p>\n","protected":false},"author":1,"featured_media":1024,"comment_status":"open","ping_status":"open","sticky":false,"template":"","format":"standard","meta":[],"categories":[39],"tags":[],"_links":{"self":[{"href":"https:\/\/regis-schlagdenhauffen.eu\/index.php?rest_route=\/wp\/v2\/posts\/1023"}],"collection":[{"href":"https:\/\/regis-schlagdenhauffen.eu\/index.php?rest_route=\/wp\/v2\/posts"}],"about":[{"href":"https:\/\/regis-schlagdenhauffen.eu\/index.php?rest_route=\/wp\/v2\/types\/post"}],"author":[{"embeddable":true,"href":"https:\/\/regis-schlagdenhauffen.eu\/index.php?rest_route=\/wp\/v2\/users\/1"}],"replies":[{"embeddable":true,"href":"https:\/\/regis-schlagdenhauffen.eu\/index.php?rest_route=%2Fwp%2Fv2%2Fcomments&post=1023"}],"version-history":[{"count":3,"href":"https:\/\/regis-schlagdenhauffen.eu\/index.php?rest_route=\/wp\/v2\/posts\/1023\/revisions"}],"predecessor-version":[{"id":1028,"href":"https:\/\/regis-schlagdenhauffen.eu\/index.php?rest_route=\/wp\/v2\/posts\/1023\/revisions\/1028"}],"wp:featuredmedia":[{"embeddable":true,"href":"https:\/\/regis-schlagdenhauffen.eu\/index.php?rest_route=\/wp\/v2\/media\/1024"}],"wp:attachment":[{"href":"https:\/\/regis-schlagdenhauffen.eu\/index.php?rest_route=%2Fwp%2Fv2%2Fmedia&parent=1023"}],"wp:term":[{"taxonomy":"category","embeddable":true,"href":"https:\/\/regis-schlagdenhauffen.eu\/index.php?rest_route=%2Fwp%2Fv2%2Fcategories&post=1023"},{"taxonomy":"post_tag","embeddable":true,"href":"https:\/\/regis-schlagdenhauffen.eu\/index.php?rest_route=%2Fwp%2Fv2%2Ftags&post=1023"}],"curies":[{"name":"wp","href":"https:\/\/api.w.org\/{rel}","templated":true}]}}