{"id":1040,"date":"2022-04-28T20:55:52","date_gmt":"2022-04-28T19:55:52","guid":{"rendered":"http:\/\/regis-schlagdenhauffen.eu\/?p=1040"},"modified":"2022-04-28T20:55:54","modified_gmt":"2022-04-28T19:55:54","slug":"17-mai-2022-les-derniers-condamnes-pour-homosexualite","status":"publish","type":"post","link":"https:\/\/regis-schlagdenhauffen.eu\/?p=1040","title":{"rendered":"17 mai 2022 &#8211; Les derniers condamn\u00e9s pour homosexualit\u00e9"},"content":{"rendered":"\n<p>\u00c0 l&rsquo;occasion de la journ\u00e9e mondiale de lutte contre les LGBTIphobies le 17 mai, l&rsquo;Iris &amp; l&rsquo;EHESS organisent, en partenariat avec le cin\u00e9ma Saint-Andr\u00e9 des arts, une projection du film r\u00e9alis\u00e9 par Emmanuel Hamon, co-\u00e9crit avec Ariane Chemin,&nbsp;<strong><em>Les derniers condamn\u00e9s pour homosexualit\u00e9.<\/em><\/strong>&nbsp;(Zadig productions).<\/p>\n\n\n\n<p>La <strong>projection<\/strong> qui aura lieu \u00e0 <strong>19h30<\/strong> sera suivie d&rsquo;une discussion anim\u00e9e par Lilou du\u00a0<a href=\"http:\/\/cinesaintandre.fr\/\">Cin\u00e9ma Saint-Andr\u00e9 des arts<\/a>\u00a0&amp;\u00a0<a href=\"http:\/\/iris.ehess.fr\/index.php?2987\">R\u00e9gis Schlagdenhauffen<\/a>, ma\u00eetre de conf\u00e9rences \u00e0 l&rsquo;EHESS, en pr\u00e9sence de :\u00a0<\/p>\n\n\n\n<p><strong>Ariane Chemin :<\/strong>&nbsp;grand reporter, vient de publier un reportage en 5 volets sur les derniers condamn\u00e9s de la loi r\u00e9primant l\u2019homosexualit\u00e9 (reportage publi\u00e9 du 17 au 22 janvier 2022 dans&nbsp;<em>Le Monde<\/em>), co-r\u00e9alisatrice.&nbsp;<\/p>\n\n\n\n<p><strong>Emmanuel Hamon :<\/strong>\u00a0co-r\u00e9alisateur, est en train de boucler un documentaire de 52 minutes qui sera diffus\u00e9 cette ann\u00e9e sur France t\u00e9l\u00e9vision \u00ab\u00a0<em>Homosexuels, les derniers condamn\u00e9s<\/em>\u00a0\u00bb. <\/p>\n\n\n\n<p><strong>Romain Jaouen<\/strong>&nbsp;: doctorant au Centre d\u2019histoire de sciences Po, travaille sur la police face aux sexualit\u00e9s masculines \u00e0 Paris.<\/p>\n\n\n\n<p><strong>Mathias Qu\u00e9r\u00e9 :\u00a0<\/strong>doctorant \u00e0 l\u2019Universit\u00e9 de Toulouse, travaille sur le militantisme homosexuel dans les ann\u00e9es 1970 et 1980.<\/p>\n\n\n\n<p>Plus d&rsquo;infos >  <a href=\"https:\/\/www.ehess.fr\/fr\/projection-d\u00e9bat\/derniers-condamn\u00e9s-pour-homosexualit\u00e9\">https:\/\/www.ehess.fr\/fr\/projection-d\u00e9bat\/derniers-condamn\u00e9s-pour-homosexualit\u00e9<\/a><\/p>\n","protected":false},"excerpt":{"rendered":"<p>\u00c0 l&rsquo;occasion de la journ\u00e9e mondiale de lutte contre les LGBTIphobies le 17 mai, l&rsquo;Iris &amp; l&rsquo;EHESS organisent, en partenariat avec le cin\u00e9ma Saint-Andr\u00e9 des arts, une projection du film r\u00e9alis\u00e9 par Emmanuel Hamon, co-\u00e9crit avec Ariane Chemin,&nbsp;Les derniers condamn\u00e9s pour homosexualit\u00e9.&nbsp;(Zadig productions). La projection qui aura lieu \u00e0 19h30\u2026<\/p>\n<p class=\"continue-reading-button\"> <a class=\"continue-reading-link\" href=\"https:\/\/regis-schlagdenhauffen.eu\/?p=1040\">Lire la suite&#8230;<i class=\"crycon-right-dir\"><\/i><\/a><\/p>\n","protected":false},"author":1,"featured_media":1042,"comment_status":"open","ping_status":"open","sticky":false,"template":"","format":"standard","meta":[],"categories":[40],"tags":[],"_links":{"self":[{"href":"https:\/\/regis-schlagdenhauffen.eu\/index.php?rest_route=\/wp\/v2\/posts\/1040"}],"collection":[{"href":"https:\/\/regis-schlagdenhauffen.eu\/index.php?rest_route=\/wp\/v2\/posts"}],"about":[{"href":"https:\/\/regis-schlagdenhauffen.eu\/index.php?rest_route=\/wp\/v2\/types\/post"}],"author":[{"embeddable":true,"href":"https:\/\/regis-schlagdenhauffen.eu\/index.php?rest_route=\/wp\/v2\/users\/1"}],"replies":[{"embeddable":true,"href":"https:\/\/regis-schlagdenhauffen.eu\/index.php?rest_route=%2Fwp%2Fv2%2Fcomments&post=1040"}],"version-history":[{"count":1,"href":"https:\/\/regis-schlagdenhauffen.eu\/index.php?rest_route=\/wp\/v2\/posts\/1040\/revisions"}],"predecessor-version":[{"id":1043,"href":"https:\/\/regis-schlagdenhauffen.eu\/index.php?rest_route=\/wp\/v2\/posts\/1040\/revisions\/1043"}],"wp:featuredmedia":[{"embeddable":true,"href":"https:\/\/regis-schlagdenhauffen.eu\/index.php?rest_route=\/wp\/v2\/media\/1042"}],"wp:attachment":[{"href":"https:\/\/regis-schlagdenhauffen.eu\/index.php?rest_route=%2Fwp%2Fv2%2Fmedia&parent=1040"}],"wp:term":[{"taxonomy":"category","embeddable":true,"href":"https:\/\/regis-schlagdenhauffen.eu\/index.php?rest_route=%2Fwp%2Fv2%2Fcategories&post=1040"},{"taxonomy":"post_tag","embeddable":true,"href":"https:\/\/regis-schlagdenhauffen.eu\/index.php?rest_route=%2Fwp%2Fv2%2Ftags&post=1040"}],"curies":[{"name":"wp","href":"https:\/\/api.w.org\/{rel}","templated":true}]}}