{"id":1044,"date":"2022-05-05T13:47:16","date_gmt":"2022-05-05T12:47:16","guid":{"rendered":"http:\/\/regis-schlagdenhauffen.eu\/?p=1044"},"modified":"2022-05-05T13:47:18","modified_gmt":"2022-05-05T12:47:18","slug":"appel-a-candidatures-2022-contrat-doctoral-dilcrah-racisme-antisemitisme-et-haine-anti-lgbt","status":"publish","type":"post","link":"https:\/\/regis-schlagdenhauffen.eu\/?p=1044","title":{"rendered":"Appel \u00e0 candidatures 2022 &#8211; Contrat Doctoral DILCRAH \u00ab\u00a0Racisme, antis\u00e9mitisme et haine anti-LGBT\u00a0\u00bb"},"content":{"rendered":"\n<p> La\u00a0<strong>DILCRAH<\/strong>\u00a0souhaite encourager des travaux de recherches qui contribuent \u00e0 une meilleure connaissance des ph\u00e9nom\u00e8nes de racisme, d\u2019antis\u00e9mitisme et de haine anti-LGBT par le biais du financement d\u2019<strong>un contrat doctoral d\u2019une dur\u00e9e de trois ans.<br><\/strong><br><strong>Th\u00e9matiques :\u00a0<\/strong>Cet appel \u00e0 candidatures DILCRAH cible les recherches innovantes, toutes disciplines confondues, qui portent explicitement sur les th\u00e9matiques de son champ de comp\u00e9tence (racisme, antis\u00e9mitisme, haine anti-LGBT). A titre d\u2019exemple, peuvent \u00eatre \u00e9ligibles des recherches portant sur l\u2019histoire et la g\u00e9ographie du racisme et\/ou de l\u2019antis\u00e9mitisme et\/ou de la haine anti-LGBT, la construction et d\u00e9construction des pr\u00e9jug\u00e9s et des st\u00e9r\u00e9otypes, la formation historique et anthropologique des cat\u00e9gories raciales, les nouvelles formes du racisme, de l\u2019antis\u00e9mitisme et de haine anti-LGBT, le droit et l\u00e9gislations compar\u00e9es.<\/p>\n\n\n\n<p>Plus d&rsquo;informations > <a rel=\"noreferrer noopener\" href=\"https:\/\/www.dilcrah.fr\/2022\/04\/20\/appel-a-candidatures-2022-contrat-doctoral-dilcrah-racisme-antisemitisme-et-haine-anti-lgbt\/\" target=\"_blank\">https:\/\/www.dilcrah.fr\/2022\/04\/20\/appel-a-candidatures-2022-contrat-doctoral-dilcrah-racisme-antisemitisme-et-haine-anti-lgbt\/<\/a><\/p>\n\n\n\n<p><strong><br>Date limite de d\u00e9p\u00f4t de dossiers de candidature :\u00a012 juin 2022<\/strong><\/p>\n","protected":false},"excerpt":{"rendered":"<p>La\u00a0DILCRAH\u00a0souhaite encourager des travaux de recherches qui contribuent \u00e0 une meilleure connaissance des ph\u00e9nom\u00e8nes de racisme, d\u2019antis\u00e9mitisme et de haine anti-LGBT par le biais du financement d\u2019un contrat doctoral d\u2019une dur\u00e9e de trois ans.Th\u00e9matiques :\u00a0Cet appel \u00e0 candidatures DILCRAH cible les recherches innovantes, toutes disciplines confondues, qui portent explicitement sur\u2026<\/p>\n<p class=\"continue-reading-button\"> <a class=\"continue-reading-link\" href=\"https:\/\/regis-schlagdenhauffen.eu\/?p=1044\">Lire la suite&#8230;<i class=\"crycon-right-dir\"><\/i><\/a><\/p>\n","protected":false},"author":1,"featured_media":1045,"comment_status":"open","ping_status":"open","sticky":false,"template":"","format":"standard","meta":[],"categories":[1],"tags":[76],"_links":{"self":[{"href":"https:\/\/regis-schlagdenhauffen.eu\/index.php?rest_route=\/wp\/v2\/posts\/1044"}],"collection":[{"href":"https:\/\/regis-schlagdenhauffen.eu\/index.php?rest_route=\/wp\/v2\/posts"}],"about":[{"href":"https:\/\/regis-schlagdenhauffen.eu\/index.php?rest_route=\/wp\/v2\/types\/post"}],"author":[{"embeddable":true,"href":"https:\/\/regis-schlagdenhauffen.eu\/index.php?rest_route=\/wp\/v2\/users\/1"}],"replies":[{"embeddable":true,"href":"https:\/\/regis-schlagdenhauffen.eu\/index.php?rest_route=%2Fwp%2Fv2%2Fcomments&post=1044"}],"version-history":[{"count":1,"href":"https:\/\/regis-schlagdenhauffen.eu\/index.php?rest_route=\/wp\/v2\/posts\/1044\/revisions"}],"predecessor-version":[{"id":1046,"href":"https:\/\/regis-schlagdenhauffen.eu\/index.php?rest_route=\/wp\/v2\/posts\/1044\/revisions\/1046"}],"wp:featuredmedia":[{"embeddable":true,"href":"https:\/\/regis-schlagdenhauffen.eu\/index.php?rest_route=\/wp\/v2\/media\/1045"}],"wp:attachment":[{"href":"https:\/\/regis-schlagdenhauffen.eu\/index.php?rest_route=%2Fwp%2Fv2%2Fmedia&parent=1044"}],"wp:term":[{"taxonomy":"category","embeddable":true,"href":"https:\/\/regis-schlagdenhauffen.eu\/index.php?rest_route=%2Fwp%2Fv2%2Fcategories&post=1044"},{"taxonomy":"post_tag","embeddable":true,"href":"https:\/\/regis-schlagdenhauffen.eu\/index.php?rest_route=%2Fwp%2Fv2%2Ftags&post=1044"}],"curies":[{"name":"wp","href":"https:\/\/api.w.org\/{rel}","templated":true}]}}