{"id":1056,"date":"2022-05-31T14:35:26","date_gmt":"2022-05-31T13:35:26","guid":{"rendered":"http:\/\/regis-schlagdenhauffen.eu\/?p=1056"},"modified":"2022-05-31T14:35:28","modified_gmt":"2022-05-31T13:35:28","slug":"la-formation-sociologie-de-lehess-recrute-deux-dce%ef%bf%bc","status":"publish","type":"post","link":"https:\/\/regis-schlagdenhauffen.eu\/?p=1056","title":{"rendered":"La formation Sociologie de l&rsquo;Ehess recrute deux DCE\ufffc"},"content":{"rendered":"\n<p> Le master mention Sociologie de l&rsquo;EHESS recrute deux doctorant.es charg\u00e9.es d&rsquo;enseignement (DCE). La date limite de candidature est fix\u00e9e au 23\u00a0juin 2022.\u00a0Les fiches de poste sont les suivantes :<\/p>\n\n\n\n<p><strong>DCE 1 : Charges d\u2019enseignement (64 heures TD pour l\u2019ann\u00e9e) :<\/strong><\/p>\n\n\n\n<p><strong>Enseignement 1 : \u00ab Construire et traiter un questionnaire avec Excel \u00bb<\/strong><\/p>\n\n\n\n<p>S\u00e9minaire de m\u00e9thodologie, 24h (6 ECTS), niveau M1 et M2.<br>Ce s\u00e9minaire s\u2019adresse \u00e0 celles et ceux qui n\u2019ont pas ou peu eu de formation initiale en statistiques mais qui veulent n\u00e9anmoins apprendre \u00e0 \u00eatre autonomes afin de pouvoir construire, passer et traiter un questionnaire simple. Il est limit\u00e9 \u00e0 12 participantes et participants prioritairement de M2 sociologie (s\u00e9minaire PLAD), puis de M1 sociologie (s\u00e9minaire M\u00e9thodologie).<\/p>\n\n\n\n<p><strong>Enseignement 2 : \u00ab L&rsquo;enqu\u00eate sociologique par entretien \u00bb<\/strong><\/p>\n\n\n\n<p>S\u00e9minaire de m\u00e9thodologie, 24h (6 ECTS), Niveau M1 et M2.<br>Ce s\u00e9minaire proposera une initiation \u00e0 la pratique de l\u2019enqu\u00eate par entretiens. S\u2019il s\u2019appuiera sur des lectures relatives \u00e0 la r\u00e9alisation et l\u2019usage des entretiens en sociologie, il reposera principalement sur la r\u00e9alisation d\u2019entretiens, leur retranscription, leur analyse et leur utilisation dans le travail de r\u00e9daction.<br>Pour pouvoir travailler efficacement, le nombre de places est limit\u00e9 \u00e0 une vingtaine de participant\u00b7e\u00b7s. Il est prioritairement r\u00e9serv\u00e9 aux \u00e9tudiant\u00b7es du master sociologie.<\/p>\n\n\n\n<p><strong>Accompagnement \u00e0 l\u2019enqu\u00eate collective \u00ab Sociologie des processus de transnationalisation \u00bb<\/strong><\/p>\n\n\n\n<p>Le reste du service sera consacr\u00e9 au co-encadrement de l\u2019enqu\u00eate collective de terrain (M1) consacr\u00e9e aux processus d\u2019internationalisation des biens culturels, \u00e0 travers une enqu\u00eate au sein de l\u2019Agence France Presse \u00e0 Paris. L\u2019un des objectifs est de restituer les logiques de production et de circulation (ou non) des contenus d\u2019information en fonction de leurs propri\u00e9t\u00e9s, qu\u2019il s\u2019agisse par exemple du type de contenus (images, textes, infographies, etc.), des rubriques, des r\u00e9gions du monde dans lesquels ils sont class\u00e9s, des publics r\u00e9els ou suppos\u00e9s auxquels ils s\u2019adressent et bien \u00e9videmment de leurs producteurs.<\/p>\n\n\n\n<p><strong>DCE 2 :<\/strong> <strong>Charges d\u2019enseignement (64 heures TD pour l\u2019ann\u00e9e) :\u00a0<\/strong><\/p>\n\n\n\n<p>&#8211;\u00a0<strong>Co-organisation et encadrement d&rsquo;une enqu\u00eate collective : <strong>(48 heures TD pour l\u2019ann\u00e9e) :<\/strong><br><\/strong>R\u00e9alis\u00e9e dans le cadre d\u2019un projet de recherche Ouscipo, l\u2019enqu\u00eate collective coordonn\u00e9e par Val\u00e9rie Beaudouin et Ir\u00e8ne Bastard en relation avec le groupe SOS \u00e0 Marseille (stage r\u00e9sidentiel) permettra \u00e0 des \u00e9tudiant\u00b7es de M1 issus principalement du master Sociologie de se familiariser avec des m\u00e9thodes diverses : observation, entretiens, analyse de contenu et\/ou statistiques descriptives. L\u2019enqu\u00eate int\u00e9grera une phase de co-construction de la th\u00e9matique d\u2019enqu\u00eate avec le partenaire ainsi qu\u2019une phase de restitution des r\u00e9sultats. Le ou la DCE travaillera en collaboration avec les autres encadrantes du s\u00e9minaire.<\/p>\n\n\n\n<p><strong>Animation scientifique et p\u00e9dagogique de l\u2019Ouvroir de sciences sociales potentielles de l\u2019Ecole des hautes \u00e9tudes en sciences sociales (24 heures TD pour l\u2019ann\u00e9e) :<\/strong><\/p>\n\n\n\n<p>Cr\u00e9\u00e9 en 2014, l\u2019Ouvroir de sciences sociales potentielles (Ouscipo) de l\u2019Ecole des hautes \u00e9tudes en sciences sociales d\u00e9veloppe, en dehors de toute logique d\u2019expertise, des partenariats de recherche entre ses \u00e9tudiants et des acteurs de la soci\u00e9t\u00e9 civile (associations, acteurs de l\u2019\u00e9conomie sociale et solidaire, collectivit\u00e9s territoriales, syndicats, collectifs militants, etc.). Ces partenariats donnent lieu \u00e0 des recherches de sciences sociales dont les th\u00e9matiques sont discut\u00e9es et les r\u00e9sultats restitu\u00e9s en aval, avec un ou plusieurs partenaires de la soci\u00e9t\u00e9 civile. Ils peuvent par ailleurs permettre un acc\u00e8s privil\u00e9gi\u00e9 \u00e0 des donn\u00e9es d\u2019enqu\u00eate. Les partenariats prennent la forme d\u2019enqu\u00eates individuelles ou collectives inscrites dans les formations de l\u2019Ecole des hautes \u00e9tudes en sciences sociales. <\/p>\n\n\n\n<p><strong>Fiches de poste DCE1 et DCE2<\/strong> (ci-dessous)<\/p>\n\n\n\n<div class=\"wp-block-file\"><object class=\"wp-block-file__embed\" data=\"https:\/\/regis-schlagdenhauffen.eu\/wp-content\/uploads\/2022\/05\/DCE_-fiche-de-poste-2022-23_VF_der.pdf\" type=\"application\/pdf\" style=\"width:100%;height:600px\" aria-label=\"Contenu embarqu\u00e9 Contenu embarqu\u00e9 DCE_-fiche-de-poste-2022-23_VF_der..\"><\/object><a id=\"wp-block-file--media-4fe83e5b-2087-469b-b9eb-c8044b85d434\" href=\"https:\/\/regis-schlagdenhauffen.eu\/wp-content\/uploads\/2022\/05\/DCE_-fiche-de-poste-2022-23_VF_der.pdf\">DCE_-fiche-de-poste-2022-23_VF_der<\/a><a href=\"https:\/\/regis-schlagdenhauffen.eu\/wp-content\/uploads\/2022\/05\/DCE_-fiche-de-poste-2022-23_VF_der.pdf\" class=\"wp-block-file__button\" download aria-describedby=\"wp-block-file--media-4fe83e5b-2087-469b-b9eb-c8044b85d434\">T\u00e9l\u00e9charger<\/a><\/div>\n\n\n\n<div class=\"wp-block-file\"><object class=\"wp-block-file__embed\" data=\"https:\/\/regis-schlagdenhauffen.eu\/wp-content\/uploads\/2022\/05\/Fiche-de-poste-Recrutement-DCE-Socio-Ouscipo.pdf\" type=\"application\/pdf\" style=\"width:100%;height:600px\" aria-label=\"Contenu embarqu\u00e9 Contenu embarqu\u00e9 Fiche-de-poste-Recrutement-DCE-Socio-Ouscipo..\"><\/object><a id=\"wp-block-file--media-ac525958-9364-4302-8a70-2d298776a1a3\" href=\"https:\/\/regis-schlagdenhauffen.eu\/wp-content\/uploads\/2022\/05\/Fiche-de-poste-Recrutement-DCE-Socio-Ouscipo.pdf\">Fiche-de-poste-Recrutement-DCE-Socio-Ouscipo<\/a><a href=\"https:\/\/regis-schlagdenhauffen.eu\/wp-content\/uploads\/2022\/05\/Fiche-de-poste-Recrutement-DCE-Socio-Ouscipo.pdf\" class=\"wp-block-file__button\" download aria-describedby=\"wp-block-file--media-ac525958-9364-4302-8a70-2d298776a1a3\">T\u00e9l\u00e9charger<\/a><\/div>\n","protected":false},"excerpt":{"rendered":"<p>Le master mention Sociologie de l&rsquo;EHESS recrute deux doctorant.es charg\u00e9.es d&rsquo;enseignement (DCE). La date limite de candidature est fix\u00e9e au 23\u00a0juin 2022.\u00a0Les fiches de poste sont les suivantes : DCE 1 : Charges d\u2019enseignement (64 heures TD pour l\u2019ann\u00e9e) : Enseignement 1 : \u00ab Construire et traiter un questionnaire avec\u2026<\/p>\n<p class=\"continue-reading-button\"> <a class=\"continue-reading-link\" href=\"https:\/\/regis-schlagdenhauffen.eu\/?p=1056\">Lire la suite&#8230;<i class=\"crycon-right-dir\"><\/i><\/a><\/p>\n","protected":false},"author":1,"featured_media":1059,"comment_status":"open","ping_status":"open","sticky":false,"template":"","format":"standard","meta":[],"categories":[39],"tags":[],"_links":{"self":[{"href":"https:\/\/regis-schlagdenhauffen.eu\/index.php?rest_route=\/wp\/v2\/posts\/1056"}],"collection":[{"href":"https:\/\/regis-schlagdenhauffen.eu\/index.php?rest_route=\/wp\/v2\/posts"}],"about":[{"href":"https:\/\/regis-schlagdenhauffen.eu\/index.php?rest_route=\/wp\/v2\/types\/post"}],"author":[{"embeddable":true,"href":"https:\/\/regis-schlagdenhauffen.eu\/index.php?rest_route=\/wp\/v2\/users\/1"}],"replies":[{"embeddable":true,"href":"https:\/\/regis-schlagdenhauffen.eu\/index.php?rest_route=%2Fwp%2Fv2%2Fcomments&post=1056"}],"version-history":[{"count":1,"href":"https:\/\/regis-schlagdenhauffen.eu\/index.php?rest_route=\/wp\/v2\/posts\/1056\/revisions"}],"predecessor-version":[{"id":1060,"href":"https:\/\/regis-schlagdenhauffen.eu\/index.php?rest_route=\/wp\/v2\/posts\/1056\/revisions\/1060"}],"wp:featuredmedia":[{"embeddable":true,"href":"https:\/\/regis-schlagdenhauffen.eu\/index.php?rest_route=\/wp\/v2\/media\/1059"}],"wp:attachment":[{"href":"https:\/\/regis-schlagdenhauffen.eu\/index.php?rest_route=%2Fwp%2Fv2%2Fmedia&parent=1056"}],"wp:term":[{"taxonomy":"category","embeddable":true,"href":"https:\/\/regis-schlagdenhauffen.eu\/index.php?rest_route=%2Fwp%2Fv2%2Fcategories&post=1056"},{"taxonomy":"post_tag","embeddable":true,"href":"https:\/\/regis-schlagdenhauffen.eu\/index.php?rest_route=%2Fwp%2Fv2%2Ftags&post=1056"}],"curies":[{"name":"wp","href":"https:\/\/api.w.org\/{rel}","templated":true}]}}