{"id":1088,"date":"2022-09-22T14:21:24","date_gmt":"2022-09-22T13:21:24","guid":{"rendered":"http:\/\/regis-schlagdenhauffen.eu\/?p=1088"},"modified":"2022-09-22T14:21:25","modified_gmt":"2022-09-22T13:21:25","slug":"programme-2022-23-du-seminaire-etudes-lgbti","status":"publish","type":"post","link":"https:\/\/regis-schlagdenhauffen.eu\/?p=1088","title":{"rendered":"Programme 2022\/23 du S\u00e9minaire Etudes LGBTI"},"content":{"rendered":"\n<p><strong><u>1<sup>er<\/sup>&nbsp;Semestre<\/u><\/strong><\/p>\n\n\n\n<p><strong>12 octobre 2022 (1)<\/strong> <\/p>\n\n\n\n<p>S\u00e9ance d\u2019introduction et de pr\u00e9sentation du s\u00e9minaire<\/p>\n\n\n\n<p><strong>9 novembre (2)<\/strong><\/p>\n\n\n\n<p>Emanuelle Yvert, Labtop-Cresppa\u00a0: <em>Homoparent.\u00a0\u00c9mergence d\u2019une identit\u00e9 politique<\/em><\/p>\n\n\n\n<p><strong>23 novembre (3)<\/strong><\/p>\n\n\n\n<p>Franck Bouchetal, EHESS : <em>\u00catre HSH en Afrique subsaharienne<\/em><\/p>\n\n\n\n<p><strong>14 d\u00e9cembre 2022 (4)<\/strong><\/p>\n\n\n\n<p>Yael Eched, Inserm\u00a0: <em>Comment mesurer les risques en sant\u00e9 sexuelle ? Les Enqu\u00eates quantitatives sur la sexualit\u00e9 en France au prisme d\u2019un terrain ethnographique<\/em><\/p>\n\n\n\n<p><strong>11 janvier 2023 (5)<\/strong><\/p>\n\n\n\n<p>Colin Giraud, Universit\u00e9 de Nanterre\u00a0: <em>Vivre son homosexualit\u00e9 en rase campagne<\/em><\/p>\n\n\n\n<p><strong>25 janvier (6)&nbsp;<\/strong><\/p>\n\n\n\n<p>Zo\u00e9 de Ory, EHESS : <em>La construction sociale de l\u2019asexualit\u00e9 et de l\u2019absence de d\u00e9sir<\/em><\/p>\n\n\n\n<p><strong><u>2<sup>e<\/sup>&nbsp;Semestre<\/u><\/strong><\/p>\n\n\n\n<p><strong>8 f\u00e9vrier 2023 (7)&nbsp;<\/strong><\/p>\n\n\n\n<p>Marine Gilis, Universit\u00e9 d\u2019Angers : <em>Vie sexuelle et affective des f\u00e9ministes de l&rsquo;Ouest<\/em><\/p>\n\n\n\n<p><strong>22 f\u00e9vrier (8)&nbsp;<\/strong><\/p>\n\n\n\n<p>Hugo Bouvard, Universit\u00e9 Paris-Cit\u00e9 : <em>Sortir du placard en politique<\/em><\/p>\n\n\n\n<p><strong>8 mars (9)&nbsp;<\/strong><\/p>\n\n\n\n<p>Estelle Fisson, Universit\u00e9 Lumi\u00e8re-Lyon 2\u00a0: <em>La cause LGBT au sein des syndicats de travailleur.euses en France et en Espagne<\/em><\/p>\n\n\n\n<p><strong>22 mars (10)&nbsp;<\/strong><\/p>\n\n\n\n<p>M\u00e9lanie Heath, Universit\u00e9 McMaster (Ontario, Canada) : <em>Perspectives compar\u00e9es sur la polygamie\u00a0: France, Canada, Etats-Unis<\/em><\/p>\n\n\n\n<p><strong>12 avril (11)&nbsp;<\/strong><\/p>\n\n\n\n<p>Benito Schmidt, Universit\u00e9 f\u00e9d\u00e9rale du Rio Grande do Sul (Porto Alegre, Br\u00e9sil) : <em>Histoire LGBTQI+ au Br\u00e9sil : croisement entre le militantisme et la production acad\u00e9mique<\/em><\/p>\n\n\n\n<p><strong>10 mai 2023 (12)&nbsp;<\/strong><\/p>\n\n\n\n<p>Todd Shepard, Universit\u00e9 John Hopkins (Maryland, Etats-Unis) : <em>Penser la lib\u00e9ration gaie et lesbienne des ann\u00e9es 1970 en rapport \u00e0 l\u2019anticolonialisme<\/em><\/p>\n\n\n\n<p><span style=\"text-decoration: underline;\"><strong>Informations compl\u00e9mentaires : <\/strong><\/span><\/p>\n\n\n\n<p>2<sup>e<\/sup>\u00a0et 4<sup>e<\/sup>\u00a0mercredi du mois 16h30 &#8211; 18h30, du 12 octobre 2022 au 10 mai 2023<br><strong>Campus Condorcet\u00a0<\/strong>(M\u00b0 Front populaire) &#8211; 93300 Aubervilliers<\/p>\n\n\n\n<p><span style=\"text-decoration: underline;\"><strong>Inscription<\/strong><\/span> : <a href=\"https:\/\/participations.ehess.fr \">https:\/\/participations.ehess.fr <\/a><\/p>\n","protected":false},"excerpt":{"rendered":"<p>1er&nbsp;Semestre 12 octobre 2022 (1) S\u00e9ance d\u2019introduction et de pr\u00e9sentation du s\u00e9minaire 9 novembre (2) Emanuelle Yvert, Labtop-Cresppa\u00a0: Homoparent.\u00a0\u00c9mergence d\u2019une identit\u00e9 politique 23 novembre (3) Franck Bouchetal, EHESS : \u00catre HSH en Afrique subsaharienne 14 d\u00e9cembre 2022 (4) Yael Eched, Inserm\u00a0: Comment mesurer les risques en sant\u00e9 sexuelle ? Les\u2026<\/p>\n<p class=\"continue-reading-button\"> <a class=\"continue-reading-link\" href=\"https:\/\/regis-schlagdenhauffen.eu\/?p=1088\">Lire la suite&#8230;<i class=\"crycon-right-dir\"><\/i><\/a><\/p>\n","protected":false},"author":1,"featured_media":1059,"comment_status":"closed","ping_status":"open","sticky":false,"template":"","format":"standard","meta":[],"categories":[40],"tags":[],"_links":{"self":[{"href":"https:\/\/regis-schlagdenhauffen.eu\/index.php?rest_route=\/wp\/v2\/posts\/1088"}],"collection":[{"href":"https:\/\/regis-schlagdenhauffen.eu\/index.php?rest_route=\/wp\/v2\/posts"}],"about":[{"href":"https:\/\/regis-schlagdenhauffen.eu\/index.php?rest_route=\/wp\/v2\/types\/post"}],"author":[{"embeddable":true,"href":"https:\/\/regis-schlagdenhauffen.eu\/index.php?rest_route=\/wp\/v2\/users\/1"}],"replies":[{"embeddable":true,"href":"https:\/\/regis-schlagdenhauffen.eu\/index.php?rest_route=%2Fwp%2Fv2%2Fcomments&post=1088"}],"version-history":[{"count":1,"href":"https:\/\/regis-schlagdenhauffen.eu\/index.php?rest_route=\/wp\/v2\/posts\/1088\/revisions"}],"predecessor-version":[{"id":1089,"href":"https:\/\/regis-schlagdenhauffen.eu\/index.php?rest_route=\/wp\/v2\/posts\/1088\/revisions\/1089"}],"wp:featuredmedia":[{"embeddable":true,"href":"https:\/\/regis-schlagdenhauffen.eu\/index.php?rest_route=\/wp\/v2\/media\/1059"}],"wp:attachment":[{"href":"https:\/\/regis-schlagdenhauffen.eu\/index.php?rest_route=%2Fwp%2Fv2%2Fmedia&parent=1088"}],"wp:term":[{"taxonomy":"category","embeddable":true,"href":"https:\/\/regis-schlagdenhauffen.eu\/index.php?rest_route=%2Fwp%2Fv2%2Fcategories&post=1088"},{"taxonomy":"post_tag","embeddable":true,"href":"https:\/\/regis-schlagdenhauffen.eu\/index.php?rest_route=%2Fwp%2Fv2%2Ftags&post=1088"}],"curies":[{"name":"wp","href":"https:\/\/api.w.org\/{rel}","templated":true}]}}