{"id":1092,"date":"2022-10-10T08:15:04","date_gmt":"2022-10-10T07:15:04","guid":{"rendered":"http:\/\/regis-schlagdenhauffen.eu\/?p=1092"},"modified":"2022-10-10T08:15:05","modified_gmt":"2022-10-10T07:15:05","slug":"secrets-silences-32e-salon-de-la-revue","status":"publish","type":"post","link":"https:\/\/regis-schlagdenhauffen.eu\/?p=1092","title":{"rendered":"Secrets &#038; Silences &#8211; 32e Salon de la Revue"},"content":{"rendered":"\n<p> La <em>Revue des Sciences sociales<\/em> a le plaisir de vous inviter au 32e salon de la Revue qui se d\u00e9roule en la Halle dans Blancs-Manteaux <strong>Samedi 15 octobre \u00e0 14 <\/strong>h \u00e0 l&rsquo;occasion de la table ronde<strong> \u00ab\u00a0Secrets et silences\u00a0\u00bb :\u00a0<\/strong><\/p>\n\n\n\n<p>Les histoires de famille sont denses de secrets. Mais \u00e0 rebours des d\u00e9finitions n\u00e9gatives (le secret tait, exclut, cache) et d\u2019une incitation g\u00e9n\u00e9ralis\u00e9e \u00e0 la parole, il est int\u00e9ressant de voir comment le mensonge, le flou, le dissimul\u00e9&nbsp;<em>font<\/em>&nbsp;quelque chose \u00e0 la famille&nbsp;: ils sont transmis et entretenus, d\u00e9voil\u00e9s et trahis, il y a des silences qui humilient et d\u2019autres qui prot\u00e8gent, des non-dits qui incluent certaines personnes pour en \u00e9vincer d\u2019autres. La&nbsp;<em>Revue des sciences sociales<\/em>&nbsp;invite \u00e0 d\u00e9plier ces diff\u00e9rentes expressions du secret&nbsp;dans la m\u00e9moire de violences collectives, dans la filiation et dans ces situations de discr\u00e9dit o\u00f9 silence rime avec r\u00e9sistance.<\/p>\n\n\n\n<p>Avec :&nbsp;<strong>Sarra Cha\u00efeb<\/strong>&nbsp;(Universit\u00e9 Sorbonne Paris Nord),&nbsp;<strong>Nicoletta Diasio<\/strong>&nbsp;(Universit\u00e9 de Strasbourg),&nbsp;<strong>Arno Gisinger<\/strong>&nbsp;(Universit\u00e9 Paris 8 Vincennes St-Denis) et&nbsp;<strong>R\u00e9gis Schlagdenhauffen<\/strong>&nbsp;(EHESS-IRIS).<\/p>\n\n\n\n<p>O\u00f9 :&nbsp;<strong>Samedi 15 octobre de 14 h \u00e0 15 h,&nbsp;<\/strong><strong>Salle Fariba Abdelkah,&nbsp;<\/strong><strong>Halle des Blancs Manteaux (Paris 4e)<\/strong><\/p>\n\n\n\n<p><span style=\"text-decoration: underline;\">Plus d&rsquo;infos : <\/span><\/p>\n\n\n\n<p>Le programme du Salon :&nbsp;<a href=\"https:\/\/www.entrevues.org\/lesalon\/programme-du-32e-salon-de-la-revue\/\">https:\/\/www.entrevues.org\/lesalon\/programme-du-32e-salon-de-la-revue\/<\/a><\/p>\n\n\n\n<p>La revue des sciences sociales :&nbsp;<a href=\"https:\/\/journals.openedition.org\/revss\/7123\">https:\/\/journals.openedition.org\/revss\/7123<\/a><\/p>\n","protected":false},"excerpt":{"rendered":"<p>La Revue des Sciences sociales a le plaisir de vous inviter au 32e salon de la Revue qui se d\u00e9roule en la Halle dans Blancs-Manteaux Samedi 15 octobre \u00e0 14 h \u00e0 l&rsquo;occasion de la table ronde \u00ab\u00a0Secrets et silences\u00a0\u00bb :\u00a0 Les histoires de famille sont denses de secrets. Mais\u2026<\/p>\n<p class=\"continue-reading-button\"> <a class=\"continue-reading-link\" href=\"https:\/\/regis-schlagdenhauffen.eu\/?p=1092\">Lire la suite&#8230;<i class=\"crycon-right-dir\"><\/i><\/a><\/p>\n","protected":false},"author":1,"featured_media":1093,"comment_status":"closed","ping_status":"open","sticky":false,"template":"","format":"standard","meta":[],"categories":[39],"tags":[],"_links":{"self":[{"href":"https:\/\/regis-schlagdenhauffen.eu\/index.php?rest_route=\/wp\/v2\/posts\/1092"}],"collection":[{"href":"https:\/\/regis-schlagdenhauffen.eu\/index.php?rest_route=\/wp\/v2\/posts"}],"about":[{"href":"https:\/\/regis-schlagdenhauffen.eu\/index.php?rest_route=\/wp\/v2\/types\/post"}],"author":[{"embeddable":true,"href":"https:\/\/regis-schlagdenhauffen.eu\/index.php?rest_route=\/wp\/v2\/users\/1"}],"replies":[{"embeddable":true,"href":"https:\/\/regis-schlagdenhauffen.eu\/index.php?rest_route=%2Fwp%2Fv2%2Fcomments&post=1092"}],"version-history":[{"count":1,"href":"https:\/\/regis-schlagdenhauffen.eu\/index.php?rest_route=\/wp\/v2\/posts\/1092\/revisions"}],"predecessor-version":[{"id":1094,"href":"https:\/\/regis-schlagdenhauffen.eu\/index.php?rest_route=\/wp\/v2\/posts\/1092\/revisions\/1094"}],"wp:featuredmedia":[{"embeddable":true,"href":"https:\/\/regis-schlagdenhauffen.eu\/index.php?rest_route=\/wp\/v2\/media\/1093"}],"wp:attachment":[{"href":"https:\/\/regis-schlagdenhauffen.eu\/index.php?rest_route=%2Fwp%2Fv2%2Fmedia&parent=1092"}],"wp:term":[{"taxonomy":"category","embeddable":true,"href":"https:\/\/regis-schlagdenhauffen.eu\/index.php?rest_route=%2Fwp%2Fv2%2Fcategories&post=1092"},{"taxonomy":"post_tag","embeddable":true,"href":"https:\/\/regis-schlagdenhauffen.eu\/index.php?rest_route=%2Fwp%2Fv2%2Ftags&post=1092"}],"curies":[{"name":"wp","href":"https:\/\/api.w.org\/{rel}","templated":true}]}}