{"id":1131,"date":"2023-09-24T08:32:53","date_gmt":"2023-09-24T07:32:53","guid":{"rendered":"http:\/\/regis-schlagdenhauffen.eu\/?p=1131"},"modified":"2023-11-18T13:22:26","modified_gmt":"2023-11-18T12:22:26","slug":"seminaire-recherches-lgbti-programme-2023-24","status":"publish","type":"post","link":"https:\/\/regis-schlagdenhauffen.eu\/?p=1131","title":{"rendered":"S\u00e9minaire \u00ab\u00a0Recherches LGBTI\u00a0\u00bb &#8211; Programme 2023\/24"},"content":{"rendered":"\n<h4> Pens\u00e9 comme un espace de discussion et de transmission de recherches portant sur les orientations sexuelles et identit\u00e9s de genre, ce s\u00e9minaire donne une grande place \u00e0 la pr\u00e9sentation de recherches r\u00e9centes r\u00e9alis\u00e9es dans diverses disciplines des sciences sociales \u00e0 travers l\u2019invitation de sp\u00e9cialistes ayant men\u00e9 des enqu\u00eates de terrain. Cette ann\u00e9e le programme est le suivant : <\/h4>\n\n\n\n<p><strong>25 octobre 2023 (1)<\/strong> &#8211; <em>S\u00e9ance d\u2019introduction et de pr\u00e9sentation du s\u00e9minaire<\/em><\/p>\n\n\n\n<p><strong>8 novembre (2)<\/strong> &#8211; <strong>Virginie Le Corre<\/strong>, Universit\u00e9 de Strasbourg&nbsp;: <strong><em>Vivre son homosexualit\u00e9 en milieu rural&nbsp;<\/em><\/strong><\/p>\n\n\n\n<p>Lecture pr\u00e9paratoire&nbsp;:&nbsp;Le Corre, Virginie. \u00ab&nbsp;De la fuite vers la ville au retour \u00e0 la campagne&nbsp;: suivi d\u2019itin\u00e9raires de quelques&nbsp;<em>small town boys<\/em>&nbsp;\u00bb,&nbsp;<em>Les cahiers de la LCD<\/em>, vol. 14, no. 3, 2020, pp. 57-70.<\/p>\n\n\n\n<p><strong>13 d\u00e9cembre&nbsp;(3)<\/strong> &#8211; <strong>Ary Gordien<\/strong>, CNRS-Urmis &amp;&nbsp;<strong>Marc Strazel<\/strong>, Ethnoart : <strong><em>Ambivalence des st\u00e9r\u00e9otypes raciaux chez les gays noirs et asiatiques : entre assignation et r\u00e9appropriation<\/em><\/strong><\/p>\n\n\n\n<p>Lectures pr\u00e9paratoires&nbsp;:&nbsp;Gordien, Ary. \u00ab&nbsp;Gais, \u00ab&nbsp;blacks&nbsp;\u00bb et antillais. L\u2019art de ruser avec des impositions h\u00e9t\u00e9ronormatives et postcoloniales&nbsp;\u00bb,&nbsp;<em>L\u2019Homme &amp; la Soci\u00e9t\u00e9<\/em>, vol. 208, no. 3, 2018, pp. 83-115.&nbsp;<strong>+<\/strong>&nbsp;Strazel, Marc&nbsp;: Extraits d\u2019un article soumis \u00e0 une revue.&nbsp;<strong><\/strong><\/p>\n\n\n\n<p><strong>10 janvier 2024&nbsp;(4)<\/strong> &#8211; <strong>Al Caudron<\/strong>, Universit\u00e9 Paris-Saclay&nbsp;: <strong><em>Les effets du militantisme queer sur le rapport au travail et \u00e0 l\u2019emploi des militan\u00b7tes.<\/em><\/strong><\/p>\n\n\n\n<p>Lecture pr\u00e9paratoire&nbsp;:&nbsp;Caudron, Al. \u00ab&nbsp;Carri\u00e8re&nbsp;<em>queer<\/em>&nbsp;et (d\u00e9s)engagements professionnels&nbsp;: \u00e0 la recherche d\u2019une radicalit\u00e9 soutenable&nbsp;\u00bb,&nbsp;<em>Travail, genre et soci\u00e9t\u00e9s<\/em>, vol. 49, no. 1, 2023, pp. 103-120.<\/p>\n\n\n\n<p><strong>24 janvier&nbsp;(5)<\/strong> &#8211; <strong>Yasmine Tuffy<\/strong>,<strong>&nbsp;<\/strong>Institut national d\u2019\u00e9tudes d\u00e9mographiques (INED) : <strong><em>L\u2019exp\u00e9rience sociale du lesbianisme en France et au Mexique<\/em><\/strong><\/p>\n\n\n\n<p>Lecture pr\u00e9paratoire&nbsp;:&nbsp;Tissot, Sylvie. \u00ab&nbsp;Qu\u2019est-ce qu\u2019une homosexualit\u00e9 respectable&nbsp;? Classer pour contr\u00f4ler&nbsp;\u00bb,&nbsp;<em>Terrains &amp; travaux<\/em>, 2022\/1 (N\u00b0 40), p. 113-136.&nbsp;<\/p>\n\n\n\n<p><strong>31 janvier (6) \u2013&nbsp;Chiara Bottici<\/strong>,<strong>&nbsp;<\/strong>New School for social research : <strong><em>Queer ecology<\/em><\/strong><\/p>\n\n\n\n<p>Lecture pr\u00e9paratoire&nbsp;: Bottici, Chiara.&nbsp;<em>Manifeste anarcha-f\u00e9ministe<\/em>, Paris, Payot, 2023.<\/p>\n\n\n\n<p><strong>14 f\u00e9vrier (7)<\/strong> &#8211; <strong>Ga\u00eblle Larrieu<\/strong>, INED &amp; Sciences Po&nbsp;: <strong><em>Les exp\u00e9riences parentales contemporaines des variations du d\u00e9veloppement sexuel en France&nbsp;<\/em><\/strong><\/p>\n\n\n\n<p>Lecture pr\u00e9paratoire&nbsp;:&nbsp;Larrieu, Ga\u00eblle.&nbsp;\u00ab&nbsp;Gouverner les corps sexu\u00e9s&nbsp;\u00bb,&nbsp;<em>Terrains\/Th\u00e9ories<\/em>, n\u00b016, 2022.<\/p>\n\n\n\n<p><strong>28 f\u00e9vrier (8)<\/strong> &#8211; <strong>Lo\u00e9 Petit<\/strong>,<strong>&nbsp;<\/strong>R\u00e9seau Francophone de Recherche sur l\u2019Intersexuation &amp; Universit\u00e9 de Paris 8 : <strong><em>Se dire intersexe<\/em><\/strong><\/p>\n\n\n\n<p>Lecture pr\u00e9paratoire&nbsp;: Petit, Lo\u00e9 &amp; Raz, Michal. \u00ab&nbsp;Les cons\u00e9quences du paradigme Hopkins sur les personnes intersexes&nbsp;\u00bb,&nbsp;<em>Intersexes&nbsp;: Du pouvoir m\u00e9dical \u00e0 l\u2019autom\u00e9dication<\/em>, Le Cavalier bleu, 2023, p.&nbsp;77-100.&nbsp;<\/p>\n\n\n\n<p><strong>13 mars (9)<\/strong> &#8211; <strong>Mathieu Boisvert<\/strong>,<strong>&nbsp;<\/strong>Universit\u00e9 du Qu\u00e9bec \u00e0 Montr\u00e9al (UQAM) : <strong><em>Les Hijras : une communaut\u00e9 transgenre sud-asiatique<\/em><\/strong><\/p>\n\n\n\n<p>Lecture pr\u00e9paratoire&nbsp;:&nbsp;Boisvert, Mathieu.&nbsp;\u00ab&nbsp;La Maternit\u00e9 renvers\u00e9e : le rituel de&nbsp;<em>d\u016bdhpil\u0101n\u0101&nbsp;<\/em>dans la communaut\u00e9&nbsp;<em>hijr\u0101&nbsp;<\/em>indienne&nbsp;\u00bb,&nbsp;<em>Revue interdisciplinaire sur l\u2019Asie du Sud<\/em>,&nbsp;1\/1, nov. 2023<em>&nbsp;<\/em>(\u00e0 para\u00eetre).<\/p>\n\n\n\n<p><strong>27 mars (10)<\/strong> &#8211; <strong>Camille Morin-Delauri\u00e8re<\/strong>, Universit\u00e9 de Toulouse Jean-Jaur\u00e8s &amp; Universit\u00e9 de Montr\u00e9al : <strong><em>Imbrication, convergence et divergence entre les mouvements f\u00e9ministes, lesbiens et homosexuels en France (des ann\u00e9es 1970 \u00e0 1989)<\/em><\/strong><\/p>\n\n\n\n<p>Lecture pr\u00e9paratoire&nbsp;:&nbsp;\u00ab&nbsp;Identit\u00e9s, politisation et contre-culture lesbiennes dans les ann\u00e9es 1980&nbsp;: le cas rennais&nbsp;\u00bb, Bagnaud, Comer,&nbsp;Morin-Delauriere et Picard in&nbsp;<em>Lesbiennes, p\u00e9d\u00e9s, arr\u00eatons de raser les murs. Luttes et d\u00e9bats des mouvements lesbiens et homosexuels (1970-1990)<\/em>, dir. Bouvard, Eloit et Qu\u00e9r\u00e9 (<em>\u00e0 para\u00eetre<\/em>, 2023).<\/p>\n\n\n\n<p><strong>24 avril 2024 (11)<\/strong> &#8211; <strong>Axel Ravier<\/strong>, Universit\u00e9s de Rouen et de Lausanne &amp;&nbsp;<strong>Florent Chossi\u00e8re<\/strong>, Institut Converges Migrations (ICM) : <em><strong>L\u2019exp\u00e9rience du d\u00e9placement : v\u00e9cus des LGBT+ r\u00e9fugi\u00e9\u00b7es et\/ou de quartiers populaires<\/strong><\/em><\/p>\n\n\n\n<p>Lectures pr\u00e9paratoires&nbsp;:&nbsp;Chossi\u00e8re, Florent. \u00ab&nbsp;Une approche intersectionnelle des pratiques de l&rsquo;espace public. L\u2019exemple de personnes migrantes homosexuelles \u00e0 Paris&nbsp;\u00bb dans Antoine Fleury,&nbsp;<em>et al<\/em>. (dir.),&nbsp;<em>Les espaces publics \u00e0 l&rsquo;\u00e9preuve des mobilit\u00e9s<\/em>, 2022, p. 57-71.&nbsp;<strong>+&nbsp;<\/strong>Ravier, Axel.&nbsp;\u201cIt\u2019s Not About Surviving; It\u2019s About Protecting Ourselves\u201d: An Exploratory Field Study on Male Homosexuality in French Working-Class Neighbourhoods,&nbsp;<em>Mapping LGBTQ Spaces and Places<\/em>, Springer International Publishing, 2022, p. 631-646.&nbsp;<\/p>\n\n\n\n<p><strong>22 mai 2024 (12)<\/strong> &#8211; <em>Pr\u00e9sentation de travaux de recherche des \u00e9tudiantes et \u00e9tudiants&nbsp;<\/em><\/p>\n\n\n\n<p><strong>12 juin 2024 (13)<\/strong> &#8211; <em>Pr\u00e9sentation de travaux de recherche des \u00e9tudiantes et \u00e9tudiants<\/em><\/p>\n\n\n\n<h3><strong>S\u00e9minaire annualis\u00e9 du 25 octobre 2023 au 12 juin 2024, les 2<sup>e<\/sup>&nbsp;et 4<sup>e<\/sup>&nbsp;mercredi du mois 16h30 &#8211; 18h30<\/strong>&nbsp;<br>Lieu : <strong>Humath\u00e8que&nbsp;Condorcet,&nbsp;Salle 2.11&nbsp;<\/strong>(<em>M\u00b0 Front populaire &#8211; 93300 Aubervilliers<\/em>)<\/h3>\n\n\n\n<p><a href=\"https:\/\/regis-schlagdenhauffen.eu\/?p=1131\" data-type=\"post\" data-id=\"1131\"><span style=\"text-decoration: underline;\">Site web<\/span> : https:\/\/enseignements.ehess.fr\/2023-2024\/ue\/5 <\/a><\/p>\n","protected":false},"excerpt":{"rendered":"<p>Pens\u00e9 comme un espace de discussion et de transmission de recherches portant sur les orientations sexuelles et identit\u00e9s de genre, ce s\u00e9minaire donne une grande place \u00e0 la pr\u00e9sentation de recherches r\u00e9centes r\u00e9alis\u00e9es dans diverses disciplines des sciences sociales \u00e0 travers l\u2019invitation de sp\u00e9cialistes ayant men\u00e9 des enqu\u00eates de terrain.\u2026<\/p>\n<p class=\"continue-reading-button\"> <a class=\"continue-reading-link\" href=\"https:\/\/regis-schlagdenhauffen.eu\/?p=1131\">Lire la suite&#8230;<i class=\"crycon-right-dir\"><\/i><\/a><\/p>\n","protected":false},"author":1,"featured_media":1059,"comment_status":"closed","ping_status":"open","sticky":false,"template":"","format":"standard","meta":[],"categories":[40],"tags":[],"_links":{"self":[{"href":"https:\/\/regis-schlagdenhauffen.eu\/index.php?rest_route=\/wp\/v2\/posts\/1131"}],"collection":[{"href":"https:\/\/regis-schlagdenhauffen.eu\/index.php?rest_route=\/wp\/v2\/posts"}],"about":[{"href":"https:\/\/regis-schlagdenhauffen.eu\/index.php?rest_route=\/wp\/v2\/types\/post"}],"author":[{"embeddable":true,"href":"https:\/\/regis-schlagdenhauffen.eu\/index.php?rest_route=\/wp\/v2\/users\/1"}],"replies":[{"embeddable":true,"href":"https:\/\/regis-schlagdenhauffen.eu\/index.php?rest_route=%2Fwp%2Fv2%2Fcomments&post=1131"}],"version-history":[{"count":2,"href":"https:\/\/regis-schlagdenhauffen.eu\/index.php?rest_route=\/wp\/v2\/posts\/1131\/revisions"}],"predecessor-version":[{"id":1162,"href":"https:\/\/regis-schlagdenhauffen.eu\/index.php?rest_route=\/wp\/v2\/posts\/1131\/revisions\/1162"}],"wp:featuredmedia":[{"embeddable":true,"href":"https:\/\/regis-schlagdenhauffen.eu\/index.php?rest_route=\/wp\/v2\/media\/1059"}],"wp:attachment":[{"href":"https:\/\/regis-schlagdenhauffen.eu\/index.php?rest_route=%2Fwp%2Fv2%2Fmedia&parent=1131"}],"wp:term":[{"taxonomy":"category","embeddable":true,"href":"https:\/\/regis-schlagdenhauffen.eu\/index.php?rest_route=%2Fwp%2Fv2%2Fcategories&post=1131"},{"taxonomy":"post_tag","embeddable":true,"href":"https:\/\/regis-schlagdenhauffen.eu\/index.php?rest_route=%2Fwp%2Fv2%2Ftags&post=1131"}],"curies":[{"name":"wp","href":"https:\/\/api.w.org\/{rel}","templated":true}]}}