{"id":1218,"date":"2024-02-10T19:09:18","date_gmt":"2024-02-10T18:09:18","guid":{"rendered":"https:\/\/regis-schlagdenhauffen.eu\/?p=1218"},"modified":"2024-02-10T19:09:18","modified_gmt":"2024-02-10T18:09:18","slug":"jusqua-la-fin-de-sa-vie-robert-badinter-sest-engage-pour-la-depenalisation-universelle-de-lhomosexualite","status":"publish","type":"post","link":"https:\/\/regis-schlagdenhauffen.eu\/?p=1218","title":{"rendered":"Jusqu\u2019\u00e0 la fin de sa vie, Robert Badinter s\u2019est engag\u00e9 pour la d\u00e9p\u00e9nalisation universelle de l\u2019homosexualit\u00e9"},"content":{"rendered":"\n<p>Le 30 mai 2022, Robert Badinter me contacta. Lui, qui fut l\u2019artisan de la loi du 4 ao\u00fbt 1982 voulait en savoir plus sur mes travaux portant sur la r\u00e9pression p\u00e9nale de l\u2019homosexualit\u00e9 en France. Lors des \u00e9changes qui s\u2019ensuivirent, il me rappela le contexte de l\u2019abrogation de la loi de 1942 qui r\u00e9primait l\u2019homosexualit\u00e9. Selon lui, abroger cette loi promulgu\u00e9e sous Vichy, et reprise telle quelle \u00e0 la Lib\u00e9ration, \u00e9tait une n\u00e9cessit\u00e9, un devoir moral, pour lui et pour la France. En tant qu\u2019ancien avocat, il avait une conscience aigu\u00eb de ce que vivaient beaucoup de gays et de lesbiennes au tournant des ann\u00e9es 1980 : opprobre sociale, honte, secret, ce \u00e0 quoi s\u2019ajoutait le risque d\u2019une condamnation p\u00e9nale et donc d\u2019un proc\u00e8s, souvent relay\u00e9 par la presse locale d\u2019ailleurs. A ses yeux, les espoirs suscit\u00e9s par l\u2019\u00e9lection de Fran\u00e7ois Mitterrand, imposaient \u00e0 la France de changer de logiciel et donc, de \u00ab&nbsp;d\u00e9p\u00e9naliser l\u2019homosexualit\u00e9&nbsp;\u00bb. La t\u00e2che ne fut pas simple dit-il, et on lui mit de nombreux b\u00e2tons dans les roues, de toutes part (la proposition de loi fut d\u2019ailleurs inscrite&nbsp;<em>in extremis<\/em>&nbsp;\u00e0 l\u2019ordre du jour de l\u2019Assembl\u00e9e nationale pour la veille les vacances parlementaires).<\/p>\n\n\n\n<p>Il me parla aussi du chemin parcouru entre 1982 et 2022, mais aussi des efforts qu\u2019il restait \u00e0 d\u00e9ployer&nbsp;: d\u2019une part pour regarder le pass\u00e9 avec clairvoyance (en effet de nombreuses recherches doivent encore \u00eatre r\u00e9alis\u00e9es sur le sujet et l\u2019\u00c9tat s\u2019honorerait \u00e0 les encourager)&nbsp;; d\u2019autre part il voulait toujours aller de l\u2019avant et faire en sorte que la soixantaine de pays qui condamnent encore l\u2019homosexualit\u00e9 \u00e0 mort aujourd\u2019hui ne la r\u00e9priment plus.&nbsp;&nbsp;<\/p>\n\n\n\n<p>Avec l\u2019humilit\u00e9 qui le caract\u00e9risait, il pensait qu\u2019il \u00e9tait en effet de son devoir de continuer d\u2019agir avec vigueur, car la r\u00e9pression de l\u2019homosexualit\u00e9 constituait et constitue pour lui une \u00ab&nbsp;<em>injustice majeure&nbsp;\u00bb&nbsp;<\/em>allant \u00e0 l\u2019encontre des id\u00e9aux qui sont les siens, les n\u00f4tres, et ceux de la France. Car, d\u00e8s lors qu\u2019il s\u2019agit d\u2019adultes consentants, la loi p\u00e9nale n\u2019a pas \u00e0 s\u2019immiscer dans leur lit.&nbsp;<\/p>\n\n\n\n<p>Perdre Robert Badinter signifie donc aussi perdre un avocat de la cause homosexuelle et LGBT, perdre un homme courageux qui a pris la parole et les devants pour (et souvent \u00e0 la place de) celles et ceux qui n\u2019osaient, ou ne pouvaient, pas le faire, par crainte d\u2019\u00eatre \u00ab&nbsp;out\u00e9s&nbsp;\u00bb, de ne pas plaire \u00e0 leur \u00e9lectorat, ou de voir leur vie d\u00e9truite. Parachever son combat en la mati\u00e8re pourrait se faire de deux mani\u00e8res&nbsp;: d\u2019une part en accomplissant son souhait de rendre leur juste place aux personnes condamn\u00e9es pour homosexualit\u00e9 par la France entre 1942 et 1982 au sujet desquels nous ne savons que trop peu de choses, tant ces personnes ont \u00e9t\u00e9 oubli\u00e9es&nbsp;; d\u2019autre part en \u0153uvrant \u00e0 l\u2019international pour la d\u00e9p\u00e9nalisation universelle de l\u2019homosexualit\u00e9 qu\u2019il appelait de ses v\u0153ux.&nbsp;<\/p>\n","protected":false},"excerpt":{"rendered":"<p>Perdre Robert Badinter signifie perdre un avocat de la cause homosexuelle et LGBT, qui a pris les devants pour ceux qui n\u2019osaient pas le faire, par crainte d\u2019\u00eatre \u00about\u00e9s\u00bb, r\u00e9agit R\u00e9gis Schlagdenhauffen, sociologue \u00e0 l&rsquo;EHESS et sp\u00e9cialiste des questions de genre et de sexualit\u00e9.<\/p>\n<p class=\"continue-reading-button\"> <a class=\"continue-reading-link\" href=\"https:\/\/regis-schlagdenhauffen.eu\/?p=1218\">Lire la suite&#8230;<i class=\"crycon-right-dir\"><\/i><\/a><\/p>\n","protected":false},"author":1,"featured_media":1219,"comment_status":"closed","ping_status":"open","sticky":false,"template":"","format":"standard","meta":[],"categories":[39],"tags":[],"_links":{"self":[{"href":"https:\/\/regis-schlagdenhauffen.eu\/index.php?rest_route=\/wp\/v2\/posts\/1218"}],"collection":[{"href":"https:\/\/regis-schlagdenhauffen.eu\/index.php?rest_route=\/wp\/v2\/posts"}],"about":[{"href":"https:\/\/regis-schlagdenhauffen.eu\/index.php?rest_route=\/wp\/v2\/types\/post"}],"author":[{"embeddable":true,"href":"https:\/\/regis-schlagdenhauffen.eu\/index.php?rest_route=\/wp\/v2\/users\/1"}],"replies":[{"embeddable":true,"href":"https:\/\/regis-schlagdenhauffen.eu\/index.php?rest_route=%2Fwp%2Fv2%2Fcomments&post=1218"}],"version-history":[{"count":1,"href":"https:\/\/regis-schlagdenhauffen.eu\/index.php?rest_route=\/wp\/v2\/posts\/1218\/revisions"}],"predecessor-version":[{"id":1220,"href":"https:\/\/regis-schlagdenhauffen.eu\/index.php?rest_route=\/wp\/v2\/posts\/1218\/revisions\/1220"}],"wp:featuredmedia":[{"embeddable":true,"href":"https:\/\/regis-schlagdenhauffen.eu\/index.php?rest_route=\/wp\/v2\/media\/1219"}],"wp:attachment":[{"href":"https:\/\/regis-schlagdenhauffen.eu\/index.php?rest_route=%2Fwp%2Fv2%2Fmedia&parent=1218"}],"wp:term":[{"taxonomy":"category","embeddable":true,"href":"https:\/\/regis-schlagdenhauffen.eu\/index.php?rest_route=%2Fwp%2Fv2%2Fcategories&post=1218"},{"taxonomy":"post_tag","embeddable":true,"href":"https:\/\/regis-schlagdenhauffen.eu\/index.php?rest_route=%2Fwp%2Fv2%2Ftags&post=1218"}],"curies":[{"name":"wp","href":"https:\/\/api.w.org\/{rel}","templated":true}]}}