{"id":1232,"date":"2024-05-21T17:02:38","date_gmt":"2024-05-21T16:02:38","guid":{"rendered":"https:\/\/regis-schlagdenhauffen.eu\/?p=1232"},"modified":"2024-05-21T17:02:38","modified_gmt":"2024-05-21T16:02:38","slug":"conversation-dans-lintimite-de-la-recherche-luniversalisme-des-droits-en-debat","status":"publish","type":"post","link":"https:\/\/regis-schlagdenhauffen.eu\/?p=1232","title":{"rendered":"Conversation \u00ab Dans l\u2019intimit\u00e9 de la recherche \u00bb : L&rsquo;universalisme des droits en d\u00e9bat"},"content":{"rendered":"\n<p> \u00ab\u00a0Dans l&rsquo;intimit\u00e9 de la recherche\u00a0\u00bb vous convie \u00e0 une rencontre-d\u00e9bat autour de l&rsquo;universalisme des droits humains au Comptoir de la FMSH. <\/p>\n\n\n\n<p>Les participants, issus de trois disciplines distinctes et compl\u00e9mentaires que sont la sociologie, les sciences politiques et juridiques, d\u00e9battront ensemble de l\u2019ouvrage de<strong>\u00a0Bruno Perreau<\/strong><em> <\/em><em>Sph\u00e8res d&rsquo;injustice. Pour un universalisme minoritaire<\/em>\u00a0paru r\u00e9cemment \u00e0\u00a0<em>La D\u00e9couverte<\/em>.<\/p>\n\n\n\n<p><strong>Mercredi 29 mai 2024, 18h-20h<\/strong><br>Le Comptoir, 1<sup>er<\/sup>\u00a0\u00e9tage de la FMSH<br>54 boulevard Raspail, Paris 6<\/p>\n\n\n\n<figure class=\"wp-block-table\"><table><tbody><tr><td>Intervenants<\/td><\/tr><tr><td><strong>\u2022 Bruno Perreau<\/strong>&nbsp;est docteur en science politique, professeur au Massachusetts Institute of Technology et titulaire de la chaire Cynthia L. Reed et chercheur associ\u00e9 au Centre d&rsquo;\u00e9tudes europ\u00e9ennes de Harvard.<br><strong>\u2022 Benjamin Moron-Puech<\/strong>&nbsp;est professeur de droit \u00e0 l\u2019universit\u00e9 Lyon 2, chercheur au Centre de Recherches Critiques sur le Droit (CERCRID) et chercheur associ\u00e9 Laboratoire de Sociologie Juridique (LSJ).<br><strong>\u2022 R\u00e9gis Schlagdenhauffen<\/strong>&nbsp;est sociologue, HDR et Ma\u00eetre de conf\u00e9rences \u00e0 l&rsquo;EHESS.<\/td><\/tr><\/tbody><\/table><\/figure>\n\n\n\n<p><a rel=\"noreferrer noopener\" href=\"https:\/\/www.eventbrite.fr\/e\/879480689417\/?aff=oddtdtcreator\" target=\"_blank\">L&rsquo;universalisme des droits en d\u00e9bat<\/a><\/p>\n","protected":false},"excerpt":{"rendered":"<p>\u00ab\u00a0Dans l&rsquo;intimit\u00e9 de la recherche\u00a0\u00bb vous convie \u00e0 une rencontre-d\u00e9bat autour de l&rsquo;universalisme des droits humains au Comptoir de la FMSH : Mercredi 29 mai 2024, 18h-20h, 54 boulevard Raspail, Paris 6.<\/p>\n<p class=\"continue-reading-button\"> <a class=\"continue-reading-link\" href=\"https:\/\/regis-schlagdenhauffen.eu\/?p=1232\">Lire la suite&#8230;<i class=\"crycon-right-dir\"><\/i><\/a><\/p>\n","protected":false},"author":1,"featured_media":1233,"comment_status":"closed","ping_status":"open","sticky":false,"template":"","format":"standard","meta":[],"categories":[1],"tags":[],"_links":{"self":[{"href":"https:\/\/regis-schlagdenhauffen.eu\/index.php?rest_route=\/wp\/v2\/posts\/1232"}],"collection":[{"href":"https:\/\/regis-schlagdenhauffen.eu\/index.php?rest_route=\/wp\/v2\/posts"}],"about":[{"href":"https:\/\/regis-schlagdenhauffen.eu\/index.php?rest_route=\/wp\/v2\/types\/post"}],"author":[{"embeddable":true,"href":"https:\/\/regis-schlagdenhauffen.eu\/index.php?rest_route=\/wp\/v2\/users\/1"}],"replies":[{"embeddable":true,"href":"https:\/\/regis-schlagdenhauffen.eu\/index.php?rest_route=%2Fwp%2Fv2%2Fcomments&post=1232"}],"version-history":[{"count":1,"href":"https:\/\/regis-schlagdenhauffen.eu\/index.php?rest_route=\/wp\/v2\/posts\/1232\/revisions"}],"predecessor-version":[{"id":1234,"href":"https:\/\/regis-schlagdenhauffen.eu\/index.php?rest_route=\/wp\/v2\/posts\/1232\/revisions\/1234"}],"wp:featuredmedia":[{"embeddable":true,"href":"https:\/\/regis-schlagdenhauffen.eu\/index.php?rest_route=\/wp\/v2\/media\/1233"}],"wp:attachment":[{"href":"https:\/\/regis-schlagdenhauffen.eu\/index.php?rest_route=%2Fwp%2Fv2%2Fmedia&parent=1232"}],"wp:term":[{"taxonomy":"category","embeddable":true,"href":"https:\/\/regis-schlagdenhauffen.eu\/index.php?rest_route=%2Fwp%2Fv2%2Fcategories&post=1232"},{"taxonomy":"post_tag","embeddable":true,"href":"https:\/\/regis-schlagdenhauffen.eu\/index.php?rest_route=%2Fwp%2Fv2%2Ftags&post=1232"}],"curies":[{"name":"wp","href":"https:\/\/api.w.org\/{rel}","templated":true}]}}