{"id":1246,"date":"2024-12-22T05:10:45","date_gmt":"2024-12-22T04:10:45","guid":{"rendered":"https:\/\/regis-schlagdenhauffen.eu\/?p=1246"},"modified":"2024-12-22T05:39:22","modified_gmt":"2024-12-22T04:39:22","slug":"lehess-recrute-dans-le-cadre-de-la-commission-abbe-pierre","status":"publish","type":"post","link":"https:\/\/regis-schlagdenhauffen.eu\/?p=1246","title":{"rendered":"L&rsquo;EHESS recrute dans le cadre de la Commission Abb\u00e9 Pierre"},"content":{"rendered":"\n<p>En juillet 2024, un rapport faisant \u00e9tat de victimes d\u2019agressions sexuelles commises par l\u2019abb\u00e9 Pierre \u00e9tait rendu public. D\u00e9but septembre, dans un second rapport, il est question de 24 victimes. Ces r\u00e9v\u00e9lations ont suscit\u00e9 une tr\u00e8s forte \u00e9motion et une vive indignation. C\u2019est dans ce contexte que le principe d\u2019une commission socio-historique a \u00e9t\u00e9 adopt\u00e9 lors d\u2019une r\u00e9union commune du comit\u00e9 ex\u00e9cutif d\u2019Emma\u00fcs International, des bureaux d\u2019Emma\u00fcs France et de la Fondation Abb\u00e9 Pierre le 27 ao\u00fbt 2024.<\/p>\n\n\n\n<p>La Commission, dont la composition a \u00e9t\u00e9 confi\u00e9e \u00e0 C\u00e9line B\u00e9raud (EHESS), s\u2019attachera \u00e0 mesurer l&rsquo;ampleur des violences sexuelles commises par l\u2019abb\u00e9 Pierre depuis 1950 et \u00e0 les qualifier. Il s\u2019agira \u00e9galement de mettre au jour et d\u2019analyser les m\u00e9canismes qui lui ont permis de ne pas \u00eatre inqui\u00e9t\u00e9 publiquement pendant plus de 70 ans. Pourquoi les victimes n\u2019ont-elles pu s\u2019exprimer ou \u00eatre \u00e9cout\u00e9es&nbsp;? \u00c0 quels processus d\u2019euph\u00e9misation des actes commis et de \u00ab&nbsp;silenciation&nbsp;\u00bb ont-elles \u00e9t\u00e9 confront\u00e9es&nbsp;? Comment l\u2019abb\u00e9 Pierre lui-m\u00eame a-t-il construit son charisme, qui lui a permis d\u2019exercer une emprise sur ses victimes et lui a \u00e9galement assur\u00e9 une si longue impunit\u00e9&nbsp;? Ces m\u00e9canismes sont \u00e0 chercher tant du c\u00f4t\u00e9 de l\u2019institution eccl\u00e9siale et du Mouvement Emma\u00fcs, que d\u2019autres mondes sociaux dans lesquels l\u2019abb\u00e9 \u00e9tait une figure importante et respect\u00e9e pour son action aupr\u00e8s des plus pauvres.<\/p>\n\n\n\n<p>La commission devra \u00e9galement et autant que possible&nbsp;: \u00e9tablir le niveau d\u2019information qu\u2019avait le Mouvement sur les agissements de l\u2019abb\u00e9 Pierre aux diff\u00e9rentes \u00e9poques de son histoire, et d\u00e9terminer quelle a \u00e9t\u00e9 l\u2019attitude des personnes en responsabilit\u00e9 face \u00e0 ces informations&nbsp;; d\u00e9terminer si des instances officielles du Mouvement ont \u00e9t\u00e9 inform\u00e9es de ces agissements et quelle a \u00e9t\u00e9 leur r\u00e9action.<\/p>\n\n\n\n<p><strong>\u00c0 cette fin,<\/strong> <strong>l&rsquo;EHESS recrute<\/strong> : <\/p>\n\n\n\n<ul>\n<li><a href=\"https:\/\/recrutement.ehess.fr\/669_offre-emploi-chercheur-contractuel-fh.html\" data-type=\"URL\" data-id=\"https:\/\/recrutement.ehess.fr\/669_offre-emploi-chercheur-contractuel-fh.html\">1 chercheur\/chercheuse contractuel\/le (CDD, 24 mois)<\/a><\/li>\n\n\n\n<li><a href=\"https:\/\/recrutement.ehess.fr\/offre-emploi-670.html-o=14\" data-type=\"URL\" data-id=\"https:\/\/recrutement.ehess.fr\/offre-emploi-670.html-o=14\">1 Ing\u00e9nieur d\u2019\u00e9tudes en analyse des sources (F\/H) pour la Commission d\u2019\u00e9tude sur les violences commises par l\u2019Abb\u00e9 Pierre (CDD, 24 mois)<\/a><\/li>\n<\/ul>\n\n\n\n<p>Les deux postes sont \u00e0 pourvoir \u00e0 partir du mois de f\u00e9vrier 2025. Toutes les informations pour postuler sont disponibles sur l&rsquo;espace recrutement de l&rsquo;EHESS : <a href=\"https:\/\/recrutement.ehess.fr\/front-offres.html  \">https:\/\/recrutement.ehess.fr\/front-offres.html  <\/a><\/p>\n","protected":false},"excerpt":{"rendered":"<p>L&rsquo;EHESS recrute dans le cadre de la Commission d\u2019\u00e9tude sur les violences commises par l\u2019Abb\u00e9 Pierre, un\/e chercheur\/chercheuse contractuel\/le (CDD, 24 mois) et une\/e ing\u00e9nieur d\u2019\u00e9tudes en analyse des sources (F\/H) pour la Commission d\u2019\u00e9tude sur les violences commises par l\u2019Abb\u00e9 Pierre (CDD, 24 mois), &#8230;<\/p>\n<p class=\"continue-reading-button\"> <a class=\"continue-reading-link\" href=\"https:\/\/regis-schlagdenhauffen.eu\/?p=1246\">Lire la suite&#8230;<i class=\"crycon-right-dir\"><\/i><\/a><\/p>\n","protected":false},"author":1,"featured_media":1187,"comment_status":"closed","ping_status":"open","sticky":false,"template":"","format":"standard","meta":[],"categories":[39],"tags":[],"_links":{"self":[{"href":"https:\/\/regis-schlagdenhauffen.eu\/index.php?rest_route=\/wp\/v2\/posts\/1246"}],"collection":[{"href":"https:\/\/regis-schlagdenhauffen.eu\/index.php?rest_route=\/wp\/v2\/posts"}],"about":[{"href":"https:\/\/regis-schlagdenhauffen.eu\/index.php?rest_route=\/wp\/v2\/types\/post"}],"author":[{"embeddable":true,"href":"https:\/\/regis-schlagdenhauffen.eu\/index.php?rest_route=\/wp\/v2\/users\/1"}],"replies":[{"embeddable":true,"href":"https:\/\/regis-schlagdenhauffen.eu\/index.php?rest_route=%2Fwp%2Fv2%2Fcomments&post=1246"}],"version-history":[{"count":3,"href":"https:\/\/regis-schlagdenhauffen.eu\/index.php?rest_route=\/wp\/v2\/posts\/1246\/revisions"}],"predecessor-version":[{"id":1253,"href":"https:\/\/regis-schlagdenhauffen.eu\/index.php?rest_route=\/wp\/v2\/posts\/1246\/revisions\/1253"}],"wp:featuredmedia":[{"embeddable":true,"href":"https:\/\/regis-schlagdenhauffen.eu\/index.php?rest_route=\/wp\/v2\/media\/1187"}],"wp:attachment":[{"href":"https:\/\/regis-schlagdenhauffen.eu\/index.php?rest_route=%2Fwp%2Fv2%2Fmedia&parent=1246"}],"wp:term":[{"taxonomy":"category","embeddable":true,"href":"https:\/\/regis-schlagdenhauffen.eu\/index.php?rest_route=%2Fwp%2Fv2%2Fcategories&post=1246"},{"taxonomy":"post_tag","embeddable":true,"href":"https:\/\/regis-schlagdenhauffen.eu\/index.php?rest_route=%2Fwp%2Fv2%2Ftags&post=1246"}],"curies":[{"name":"wp","href":"https:\/\/api.w.org\/{rel}","templated":true}]}}