{"id":1249,"date":"2024-12-22T05:36:19","date_gmt":"2024-12-22T04:36:19","guid":{"rendered":"https:\/\/regis-schlagdenhauffen.eu\/?p=1249"},"modified":"2024-12-22T05:40:04","modified_gmt":"2024-12-22T04:40:04","slug":"programme-du-seminaire-recherches-sur-les-homosexualites-etudes-lgbti-2025","status":"publish","type":"post","link":"https:\/\/regis-schlagdenhauffen.eu\/?p=1249","title":{"rendered":"Programme du S\u00e9minaire : Recherches sur les homosexualit\u00e9s\u00a0&#038; \u00c9tudes LGBTI 2025"},"content":{"rendered":"\n<p> Le s\u00e9minaire \u00ab\u00a0<em>Recherches sur les homosexualit\u00e9s et Etudes LGBTI<\/em>\u00a0\u00bb de l&rsquo;EHESS (<a href=\"https:\/\/enseignements.ehess.fr\/2024-2025\/ue\/204\" data-type=\"URL\" data-id=\"https:\/\/enseignements.ehess.fr\/2024-2025\/ue\/204\">UE 204<\/a>), se tient deux fois par mois jusqu&rsquo;au 6 mai 2025 sur le Campus Condorcet, les 1<sup>e<\/sup>&nbsp;et 3<sup>e<\/sup>&nbsp;mardis de 16h30 \u00e0 18h30. <\/p>\n\n\n\n<ul>\n<li><strong>Retrouvez ici le programme de l&rsquo;ann\u00e9e acad\u00e9mique&nbsp;2024\/25<\/strong> : <\/li>\n<\/ul>\n\n\n\n<p><strong>S\u00e9ance 1 \u2013 Mardi 5 novembre 2024, 16h30-18h30<\/strong><\/p>\n\n\n\n<p><em>S\u00e9ance d\u2019introduction et de pr\u00e9sentation du s\u00e9minaire<\/em><em><\/em><\/p>\n\n\n\n<p><strong>S\u00e9ance 2 \u2013 19 novembre&nbsp;<\/strong><\/p>\n\n\n\n<p><strong>Emeric Friedmann<\/strong>, Universit\u00e9 de Strasbourg :&nbsp;Entre deux placards : La complexit\u00e9 des parcours d\u2019hommes queers qu\u00e9b\u00e9cois en situation de violence conjugale face \u00e0 l\u2019acc\u00e8s aux aides formelles et \u00e0 la victimisation secondaire dans les services.<\/p>\n\n\n\n<p><strong><u>Lecture&nbsp;<\/u><\/strong><strong><u>pr\u00e9paratoire<\/u><\/strong>&nbsp;:&nbsp;Thibault, Roy, Tudeau, Fournier (2022). \u00ab Exp\u00e9riences des hommes gais victimes de violence dans leurs relations intimes et amoureuses \u00bb, in&nbsp;<em>Regards sur les hommes et les masculinit\u00e9s : Comprendre et intervenir<\/em>, 2e \u00e9d., Presses de l\u2019Universit\u00e9 Laval.<\/p>\n\n\n\n<p><strong>S\u00e9ance 3 \u2013 3 d\u00e9cembre<\/strong><\/p>\n\n\n\n<p><strong>Louise Dejeans<\/strong>, INJEP:<strong>&nbsp;<\/strong><em>Les ressorts socialement situ\u00e9s de l\u2019h\u00e9t\u00e9ronormativit\u00e9 dans l\u2019espace des sports de combat<\/em><\/p>\n\n\n\n<p><strong><u>Lecture&nbsp;<\/u><\/strong><strong><u>pr\u00e9paratoire<\/u><\/strong>&nbsp;: Rault Wilfried, \u00ab Les attitudes \u00ab gayfriendly \u00bb en France : entre appartenances sociales, trajectoires familiales et biographies sexuelles \u00bb,&nbsp;<em>Actes de la recherche en sciences sociales<\/em>, vol. 213, no. 3, 2016, pp. 38-65.<\/p>\n\n\n\n<p><strong>S\u00e9ance 4 \u2013 17 d\u00e9cembre&nbsp;<\/strong><strong><\/strong><\/p>\n\n\n\n<p><strong>Axel Ravier<\/strong>, Universit\u00e9 de Lausanne\/Universit\u00e9 de Rouen :&nbsp;<em>Parler d\u2019(homo)sexualit\u00e9 en quartier populaire : une affaire de silence<\/em><\/p>\n\n\n\n<p><strong><u>Lecture<\/u><\/strong>&nbsp;: Ravier, Axel. \u201c<em>It\u2019s Not About Surviving; It\u2019s About Protecting Ourselves\u201d: An Exploratory Field Study on Male Homosexuality in French Working-Class<\/em>&nbsp;<em>Neighbourhoods<\/em>, Mapping LGBTQ Spaces and Places, Springer International Publishing, 2022, pp. 631-646.<\/p>\n\n\n\n<p><strong>S\u00e9ance 5 \u2013 7 janvier&nbsp;2025&nbsp;<\/strong><\/p>\n\n\n\n<p><strong>No\u00e9mie Marignier<\/strong>, <strong>Universit\u00e9 Sorbonne Nouvelle&nbsp;:&nbsp;<em>Les cat\u00e9gories de l&rsquo;identit\u00e9 sexuelle en question&nbsp;: performativit\u00e9, circulations, interactions<\/em><\/strong><\/p>\n\n\n\n<p><strong><u>Lecture<\/u><\/strong><strong>&nbsp;<\/strong>:<strong>&nbsp;<\/strong>Marignier, N. (2018). La prolif\u00e9ration des cat\u00e9gories de l\u2019identit\u00e9 sexuelle.&nbsp;<em>L\u2019Homme et la soci\u00e9t\u00e9<\/em>,&nbsp;<em>208<\/em>(3), 63\u201182.<\/p>\n\n\n\n<p><strong>S\u00e9ance 6 \u2013 21 janvier&nbsp;<\/strong><\/p>\n\n\n\n<p><strong>Florent Chossi\u00e8re<\/strong>,&nbsp;Institut Convergences Migrations &#8211; CNRS, Universit\u00e9 Gustave Eiffel &#8211; ACP:&nbsp;<em>Minorit\u00e9s sexuelles et de genre en exil<\/em><\/p>\n\n\n\n<p><strong><u>Lecture<\/u><\/strong>&nbsp;: Chossi\u00e8re Florent (2021). Refugeeness, Sexuality, and Gender: Spatialized Lived Experiences of Intersectionality by Queer Asylum Seekers and Refugees in Paris.&nbsp;<em>Front. Hum. Dyn<\/em>&nbsp;3:634009.<\/p>\n\n\n\n<p><strong>S\u00e9ance 7 \u2013 4 f\u00e9vrier<\/strong><\/p>\n\n\n\n<p><strong>Renaud Chantraine<\/strong>, CY Cergy&nbsp;:&nbsp;<em>N\u0153uds d\u2019archives et m\u00e9moires de la lutte contre le VIH\/sida<\/em><\/p>\n\n\n\n<p><strong>S\u00e9ance 8 \u2013 18 f\u00e9vrier&nbsp;<\/strong><\/p>\n\n\n\n<p><strong>Noemi Stella<\/strong>, DREES&nbsp;:<strong>&nbsp;<\/strong><em>En qu\u00eate d\u2019un toit&nbsp;\u00ab&nbsp;safe&nbsp;\u00bb: analyse des modalit\u00e9s d\u2019h\u00e9bergement communautaire de sans-abri LGBT<\/em><\/p>\n\n\n\n<p><strong><u>Lecture<\/u><\/strong>&nbsp;: Abbou Julie. \u00ab&nbsp;Queer Solidarity Smashes Borders&nbsp;\u00bb. Une politique de la solidarit\u00e9 avec les migrants en tant que queers.&nbsp;<em>Migrations Soci\u00e9t\u00e9,&nbsp;<\/em>2018\/3 N\u00b0 173,&nbsp;p.79-98.<\/p>\n\n\n\n<p><strong>S\u00e9ance 9 \u2013 4 mars<\/strong><\/p>\n\n\n\n<p><strong>Otavio Amaral<\/strong>, EHESS&nbsp;:<strong>&nbsp;<\/strong><em>Une ethno-cartographie des minorit\u00e9s sexuelles et de genre au Karnataka, Inde du Sud<\/em>.&nbsp;<\/p>\n\n\n\n<p><strong>S\u00e9ance 10 \u2013 18 mars&nbsp;<\/strong><\/p>\n\n\n\n<p><strong>Milan Bont\u00e9<\/strong>, Universit\u00e9 de Lille :&nbsp;<em>Au-del\u00e0 du coming-out&nbsp;: une approche par les mobilit\u00e9s des v\u00e9cus LGBTI dans les espaces p\u00e9riph\u00e9ris\u00e9s<\/em><\/p>\n\n\n\n<p><strong><u>Lecture:&nbsp;<\/u><\/strong>Stone, Amy L. 2018. The Geography of Research on LGBTQ Life: Why sociologists should study the South, rural queers, and ordinary cities.&nbsp;<em>Sociology Compass<\/em>&nbsp;12(11).<\/p>\n\n\n\n<p><strong>S\u00e9ance 11 \u2013 1 avril&nbsp;<\/strong><\/p>\n\n\n\n<p><strong>Sherine Berzig<\/strong>, CYU&nbsp;:&nbsp;<em><strong>L<\/strong><\/em><strong><em>es femmes condamn\u00e9es pour homosexualit\u00e9 en France, une r\u00e9alit\u00e9 m\u00e9connue<\/em><\/strong><\/p>\n\n\n\n<p><strong>S\u00e9ance 12 \u2013 Mardi 6 mai 2025&nbsp;<\/strong><\/p>\n\n\n\n<p><em>Pr\u00e9sentation de travaux de recherche des participantes et participants<\/em>.<\/p>\n\n\n\n<ul>\n<li><strong>Plus de renseignements :<\/strong> <a href=\"https:\/\/enseignements.ehess.fr\/2024-2025\/ue\/204\" data-type=\"URL\" data-id=\"https:\/\/enseignements.ehess.fr\/2024-2025\/ue\/204\">https:\/\/enseignements.ehess.fr\/2024-2025\/ue\/204<\/a><\/li>\n<\/ul>\n","protected":false},"excerpt":{"rendered":"<p>Le s\u00e9minaire \u201cRecherches sur les homosexualit\u00e9s et Etudes LGBTI\u201d de l\u2019EHESS (UE 204), se tient deux fois par mois jusqu\u2019au 6 mai 2025 sur le Campus Condorcet, les 1e et 3e mardis de 16h30 \u00e0 18h30. S\u00e9ance 1 \u2013 Mardi 5 novembre 2024, 16h30-18h30, &#8230;<\/p>\n<p class=\"continue-reading-button\"> <a class=\"continue-reading-link\" href=\"https:\/\/regis-schlagdenhauffen.eu\/?p=1249\">Lire la suite&#8230;<i class=\"crycon-right-dir\"><\/i><\/a><\/p>\n","protected":false},"author":1,"featured_media":1250,"comment_status":"closed","ping_status":"open","sticky":false,"template":"","format":"standard","meta":[],"categories":[6],"tags":[],"_links":{"self":[{"href":"https:\/\/regis-schlagdenhauffen.eu\/index.php?rest_route=\/wp\/v2\/posts\/1249"}],"collection":[{"href":"https:\/\/regis-schlagdenhauffen.eu\/index.php?rest_route=\/wp\/v2\/posts"}],"about":[{"href":"https:\/\/regis-schlagdenhauffen.eu\/index.php?rest_route=\/wp\/v2\/types\/post"}],"author":[{"embeddable":true,"href":"https:\/\/regis-schlagdenhauffen.eu\/index.php?rest_route=\/wp\/v2\/users\/1"}],"replies":[{"embeddable":true,"href":"https:\/\/regis-schlagdenhauffen.eu\/index.php?rest_route=%2Fwp%2Fv2%2Fcomments&post=1249"}],"version-history":[{"count":3,"href":"https:\/\/regis-schlagdenhauffen.eu\/index.php?rest_route=\/wp\/v2\/posts\/1249\/revisions"}],"predecessor-version":[{"id":1254,"href":"https:\/\/regis-schlagdenhauffen.eu\/index.php?rest_route=\/wp\/v2\/posts\/1249\/revisions\/1254"}],"wp:featuredmedia":[{"embeddable":true,"href":"https:\/\/regis-schlagdenhauffen.eu\/index.php?rest_route=\/wp\/v2\/media\/1250"}],"wp:attachment":[{"href":"https:\/\/regis-schlagdenhauffen.eu\/index.php?rest_route=%2Fwp%2Fv2%2Fmedia&parent=1249"}],"wp:term":[{"taxonomy":"category","embeddable":true,"href":"https:\/\/regis-schlagdenhauffen.eu\/index.php?rest_route=%2Fwp%2Fv2%2Fcategories&post=1249"},{"taxonomy":"post_tag","embeddable":true,"href":"https:\/\/regis-schlagdenhauffen.eu\/index.php?rest_route=%2Fwp%2Fv2%2Ftags&post=1249"}],"curies":[{"name":"wp","href":"https:\/\/api.w.org\/{rel}","templated":true}]}}