{"id":1261,"date":"2025-02-07T09:32:31","date_gmt":"2025-02-07T08:32:31","guid":{"rendered":"https:\/\/regis-schlagdenhauffen.eu\/?p=1261"},"modified":"2025-02-07T09:32:32","modified_gmt":"2025-02-07T08:32:32","slug":"quelles-libertes-academiques-en-france-et-au-royaume-uni","status":"publish","type":"post","link":"https:\/\/regis-schlagdenhauffen.eu\/?p=1261","title":{"rendered":"Quelles libert\u00e9s acad\u00e9miques en France et au Royaume-Uni ?"},"content":{"rendered":"\n<p>\u00c0 l\u2019occasion de la prochaine s\u00e9ance du s\u00e9minaire \u00ab\u00a0<strong>Approche transversale de l\u2019\u00e9thique en sciences sociales\u00a0: Pratiques, transformations et questionnements<\/strong>\u00ab\u00a0, Alexandra Poli\u00a0et\u00a0R\u00e9gis Schlagdenhauffen\u00a0recevront le\u00a0mardi\u00a018 f\u00e9vrier 2025, de\u00a010h30\u00a0\u00e0\u00a012h30, en salle 214 \u00e0 l&rsquo;Humath\u00e8que du Campus Condorcet, Prof. Dani\u00e8le Joly\u00a0(Universit\u00e9 de Warwick), qui interviendra sur le th\u00e8me des\u00a0<strong>Libert\u00e9s acad\u00e9miques en France et au Royaume-Uni<\/strong>.<\/p>\n\n\n\n<p> Dani\u00e8le Joly\u00a0est professeure \u00e9m\u00e9rite au d\u00e9partement sociologie de l&rsquo;Universit\u00e9 de Warwick, o\u00f9 elle a dirig\u00e9 le Centre for Research in Ethnic Relations (CRER). Elle a \u00e9t\u00e9 responsable de nombreux projets europ\u00e9ens et internationaux de recherche, et a r\u00e9cemment traduit, avec Anne Raulin, pour la premi\u00e8re fois en fran\u00e7ais, quatre-vingt ans apr\u00e8s sa parution, l&rsquo;ouvrage <em><a rel=\"noreferrer noopener\" href=\"https:\/\/www.editions-msh.fr\/livre\/black-metropolis\/\" target=\"_blank\">Black Metropolis. Une ville dans la ville. Chicago 1914-1945<\/a><\/em>, des sociologues africains-am\u00e9ricains St. Clair Drake &amp; Horace R. Cayton (1945), paru le\u00a017 octobre 2024\u00a0aux \u00c9ditions de la FMSH, dans la collection \u201cAm\u00e9rique(s)\u201d. Elle a r\u00e9alis\u00e9, en 2022, un rapport pour le Global Observatory on Academic Freedom (Central European University, Vienna) sur les libert\u00e9s acad\u00e9miques en France et au Royaume-Uni.<\/p>\n\n\n\n<p>Dani\u00e8le Joly&nbsp;est notamment l\u2019auteure de&nbsp;<em>La Participation civique et politique des femmes de culture musulmane en Europe<\/em>, avec Khursheed Wadia (Presses Universitaires de Laval, 2017)&nbsp;;&nbsp;<em>Les Musulmans en prison en Grande-Bretagne et en France<\/em>, avec James A. Beckford et Farhad Khosrokhavar (Presses universitaires de Louvain, 2007) ;&nbsp;<em>L\u2019\u00c9meute<\/em>&nbsp;(Deno\u00ebl, 2007)&nbsp;;&nbsp;<em>Blacks and Britannity<\/em>&nbsp;(Burlington, Aldershot, Ashgate, 2001)&nbsp;;&nbsp;<em>Haven or Hell? Asylum Policies and Refugees in Europe<\/em>&nbsp;(Palgrave MacMillan, 1996).<\/p>\n\n\n\n<p><strong>Si vous souhaitez participer \u00e0 cette s\u00e9ance, merci de vous inscrire via ce lien<\/strong>\u00a0> <strong><a rel=\"noreferrer noopener\" href=\"https:\/\/participations.ehess.fr\/demandes\/__nouvelle__?seminaire=203\" target=\"_blank\">https:\/\/participations.ehess.fr\/demandes\/__nouvelle__?seminaire=203<\/a><\/strong><\/p>\n\n\n\n<p><\/p>\n\n\n\n<p><strong>\u25ca&nbsp;<\/strong><strong>Pr\u00e9sentation du s\u00e9minaire<\/strong><\/p>\n\n\n\n<p>La question de l\u2019\u00e9thique s&rsquo;est forg\u00e9e une place grandissante dans le domaine des SHS au fil des derni\u00e8res d\u00e9cennies. Au croisement des orientations \u00e9pist\u00e9mologiques, des cadres m\u00e9thodologiques, du droit, et de l\u2019\u00e9volution des syst\u00e8mes de financement de la recherche, la mont\u00e9e en puissance des enjeux et des attentes associ\u00e9es \u00e0 l\u2019\u00e9thique nous invite \u00e0 partager une r\u00e9flexion sur ses effets sur nos pratiques d\u2019enqu\u00eate, nos engagements de chercheur\u00b7e et la gestion de nos donn\u00e9es.<\/p>\n\n\n\n<p>Ce s\u00e9minaire propose de faire, \u00e0 la fois, un \u00e9tat des lieux des grandes questions qui balisent le paysage actuel de l\u2019\u00e9thique de la recherche, en particulier en sociologie, et d\u2019ouvrir un espace de travail collectif pour r\u00e9fl\u00e9chir \u00e0 partir d\u2019exp\u00e9riences concr\u00e8tes.<\/p>\n","protected":false},"excerpt":{"rendered":"<p>\u00c0 l\u2019occasion de la prochaine s\u00e9ance du s\u00e9minaire \u00ab\u00a0Approche transversale de l\u2019\u00e9thique en sciences sociales\u00a0: Pratiques, transformations et questionnements\u00ab\u00a0, Alexandra Poli\u00a0et\u00a0R\u00e9gis Schlagdenhauffen\u00a0recevront le\u00a0mardi\u00a018 f\u00e9vrier 2025, de\u00a010h30\u00a0\u00e0\u00a012h30, en salle 214 \u00e0 l&rsquo;Humath\u00e8que du Campus Condorcet, Prof. Dani\u00e8le Joly\u00a0(Universit\u00e9 de Warwick), qui interviendra sur le th\u00e8me des\u00a0Libert\u00e9s acad\u00e9miques en France et au\u2026<\/p>\n<p class=\"continue-reading-button\"> <a class=\"continue-reading-link\" href=\"https:\/\/regis-schlagdenhauffen.eu\/?p=1261\">Lire la suite&#8230;<i class=\"crycon-right-dir\"><\/i><\/a><\/p>\n","protected":false},"author":1,"featured_media":1262,"comment_status":"closed","ping_status":"open","sticky":false,"template":"","format":"standard","meta":[],"categories":[6],"tags":[],"_links":{"self":[{"href":"https:\/\/regis-schlagdenhauffen.eu\/index.php?rest_route=\/wp\/v2\/posts\/1261"}],"collection":[{"href":"https:\/\/regis-schlagdenhauffen.eu\/index.php?rest_route=\/wp\/v2\/posts"}],"about":[{"href":"https:\/\/regis-schlagdenhauffen.eu\/index.php?rest_route=\/wp\/v2\/types\/post"}],"author":[{"embeddable":true,"href":"https:\/\/regis-schlagdenhauffen.eu\/index.php?rest_route=\/wp\/v2\/users\/1"}],"replies":[{"embeddable":true,"href":"https:\/\/regis-schlagdenhauffen.eu\/index.php?rest_route=%2Fwp%2Fv2%2Fcomments&post=1261"}],"version-history":[{"count":1,"href":"https:\/\/regis-schlagdenhauffen.eu\/index.php?rest_route=\/wp\/v2\/posts\/1261\/revisions"}],"predecessor-version":[{"id":1263,"href":"https:\/\/regis-schlagdenhauffen.eu\/index.php?rest_route=\/wp\/v2\/posts\/1261\/revisions\/1263"}],"wp:featuredmedia":[{"embeddable":true,"href":"https:\/\/regis-schlagdenhauffen.eu\/index.php?rest_route=\/wp\/v2\/media\/1262"}],"wp:attachment":[{"href":"https:\/\/regis-schlagdenhauffen.eu\/index.php?rest_route=%2Fwp%2Fv2%2Fmedia&parent=1261"}],"wp:term":[{"taxonomy":"category","embeddable":true,"href":"https:\/\/regis-schlagdenhauffen.eu\/index.php?rest_route=%2Fwp%2Fv2%2Fcategories&post=1261"},{"taxonomy":"post_tag","embeddable":true,"href":"https:\/\/regis-schlagdenhauffen.eu\/index.php?rest_route=%2Fwp%2Fv2%2Ftags&post=1261"}],"curies":[{"name":"wp","href":"https:\/\/api.w.org\/{rel}","templated":true}]}}