{"id":1290,"date":"2025-03-26T10:06:29","date_gmt":"2025-03-26T09:06:29","guid":{"rendered":"https:\/\/regis-schlagdenhauffen.eu\/?p=1290"},"modified":"2025-03-26T10:06:30","modified_gmt":"2025-03-26T09:06:30","slug":"voix-aux-chapitres-1er-avril-2025-ehess","status":"publish","type":"post","link":"https:\/\/regis-schlagdenhauffen.eu\/?p=1290","title":{"rendered":"Voix aux chapitres &#8211; 1er avril 2025 &#8211; EHESS"},"content":{"rendered":"\n<p> Le prochain rendez-vous des \u00ab\u00a0<strong>Voix aux chapitres<\/strong>\u00a0\u00bb\u00a0autour d\u2019Ir\u00e8ne Th\u00e9ry se tiendra \u00e0 l&rsquo;EHESS le<strong>\u00a0mardi\u00a01er avril \u00e0 17h30\u00a0<\/strong>dans le Grand Hall du 54 bd Raspail. Voici le programme : <em>Ouverture<\/em>\u00a0: Romain Huret, Pr\u00e9sident de l&rsquo;EHESS &#8211; <em>Mod\u00e9ration<\/em>\u00a0: Rainer Maria Kiesow, Vice-pr\u00e9sident Recherche de l\u2019EHESS.\u00a0<\/p>\n\n\n\n<p><strong>Pr\u00e9sentation\u00a0de l\u2019ouvrage par Ir\u00e8ne Th\u00e9ry<\/strong><\/p>\n\n\n\n<p><em>Voix aux chapitres :&nbsp;<\/em><\/p>\n\n\n\n<p>&#8211; Regis Schlagdenhauffen (IRIS-EHESS)<\/p>\n\n\n\n<p>&#8211; Armelle Andro (Universit\u00e9 Panth\u00e9on Sorbonne)<\/p>\n\n\n\n<p>La pr\u00e9sentation de l&rsquo;ouvrage sera aussi l\u2019occasion d\u2019un retour sur le proc\u00e8s P\u00e9licot et sur la situation de la recherche aux \u00c9tats-Unis d\u2019Am\u00e9rique.<\/p>\n\n\n\n<p>Pour en savoir plus, le site des Voix aux chapitres (avec les vid\u00e9os) : <a href=\"https:\/\/www.ehess.fr\/fr\/voix-aux-chapitres\">https:\/\/www.ehess.fr\/fr\/voix-aux-chapitres<\/a><\/p>\n\n\n\n<figure class=\"wp-block-image size-large\"><img decoding=\"async\" loading=\"lazy\" width=\"721\" height=\"1024\" src=\"https:\/\/regis-schlagdenhauffen.eu\/wp-content\/uploads\/2025\/03\/Capture-decran-2025-03-26-a-10.01.28-721x1024.png\" alt=\"\" class=\"wp-image-1291\" srcset=\"https:\/\/regis-schlagdenhauffen.eu\/wp-content\/uploads\/2025\/03\/Capture-decran-2025-03-26-a-10.01.28-721x1024.png 721w, https:\/\/regis-schlagdenhauffen.eu\/wp-content\/uploads\/2025\/03\/Capture-decran-2025-03-26-a-10.01.28-211x300.png 211w, https:\/\/regis-schlagdenhauffen.eu\/wp-content\/uploads\/2025\/03\/Capture-decran-2025-03-26-a-10.01.28-768x1091.png 768w, https:\/\/regis-schlagdenhauffen.eu\/wp-content\/uploads\/2025\/03\/Capture-decran-2025-03-26-a-10.01.28-106x150.png 106w, https:\/\/regis-schlagdenhauffen.eu\/wp-content\/uploads\/2025\/03\/Capture-decran-2025-03-26-a-10.01.28.png 1038w\" sizes=\"(max-width: 721px) 100vw, 721px\" \/><\/figure>\n","protected":false},"excerpt":{"rendered":"<p>Le prochain rendez-vous des \u00ab\u00a0Voix aux chapitres\u00a0\u00bb\u00a0autour d\u2019Ir\u00e8ne Th\u00e9ry se tiendra \u00e0 l&rsquo;EHESS le\u00a0mardi\u00a01er avril \u00e0 17h30\u00a0dans le Grand Hall du 54 bd Raspail, avec la participation de R\u00e9gis Schlagdenhauffen (IRIS-EHESS) et d&rsquo;Armelle Andro (Universit\u00e9 Panth\u00e9on Sorbonne)<\/p>\n<p class=\"continue-reading-button\"> <a class=\"continue-reading-link\" href=\"https:\/\/regis-schlagdenhauffen.eu\/?p=1290\">Lire la suite&#8230;<i class=\"crycon-right-dir\"><\/i><\/a><\/p>\n","protected":false},"author":1,"featured_media":1291,"comment_status":"closed","ping_status":"open","sticky":false,"template":"","format":"standard","meta":[],"categories":[39],"tags":[],"_links":{"self":[{"href":"https:\/\/regis-schlagdenhauffen.eu\/index.php?rest_route=\/wp\/v2\/posts\/1290"}],"collection":[{"href":"https:\/\/regis-schlagdenhauffen.eu\/index.php?rest_route=\/wp\/v2\/posts"}],"about":[{"href":"https:\/\/regis-schlagdenhauffen.eu\/index.php?rest_route=\/wp\/v2\/types\/post"}],"author":[{"embeddable":true,"href":"https:\/\/regis-schlagdenhauffen.eu\/index.php?rest_route=\/wp\/v2\/users\/1"}],"replies":[{"embeddable":true,"href":"https:\/\/regis-schlagdenhauffen.eu\/index.php?rest_route=%2Fwp%2Fv2%2Fcomments&post=1290"}],"version-history":[{"count":1,"href":"https:\/\/regis-schlagdenhauffen.eu\/index.php?rest_route=\/wp\/v2\/posts\/1290\/revisions"}],"predecessor-version":[{"id":1292,"href":"https:\/\/regis-schlagdenhauffen.eu\/index.php?rest_route=\/wp\/v2\/posts\/1290\/revisions\/1292"}],"wp:featuredmedia":[{"embeddable":true,"href":"https:\/\/regis-schlagdenhauffen.eu\/index.php?rest_route=\/wp\/v2\/media\/1291"}],"wp:attachment":[{"href":"https:\/\/regis-schlagdenhauffen.eu\/index.php?rest_route=%2Fwp%2Fv2%2Fmedia&parent=1290"}],"wp:term":[{"taxonomy":"category","embeddable":true,"href":"https:\/\/regis-schlagdenhauffen.eu\/index.php?rest_route=%2Fwp%2Fv2%2Fcategories&post=1290"},{"taxonomy":"post_tag","embeddable":true,"href":"https:\/\/regis-schlagdenhauffen.eu\/index.php?rest_route=%2Fwp%2Fv2%2Ftags&post=1290"}],"curies":[{"name":"wp","href":"https:\/\/api.w.org\/{rel}","templated":true}]}}