{"id":1395,"date":"2026-03-15T09:16:36","date_gmt":"2026-03-15T08:16:36","guid":{"rendered":"https:\/\/regis-schlagdenhauffen.eu\/?p=1395"},"modified":"2026-03-15T09:17:10","modified_gmt":"2026-03-15T08:17:10","slug":"la-pudeur-fait-un-inquietant-retour-en-force-lanalyse-du-chercheur-regis-schlagdenhauffen","status":"publish","type":"post","link":"https:\/\/regis-schlagdenhauffen.eu\/?p=1395","title":{"rendered":"\u00ab\u00a0La pudeur fait un inqui\u00e9tant retour en force\u00a0\u00bb\u00a0&#8211; L\u2019analyse du chercheur"},"content":{"rendered":"\n<p> <strong>R\u00e9gis Schlagdenhauffen a r\u00e9alis\u00e9 une enqu\u00eate in\u00e9dite sur les condamnations pour \u00ab&nbsp;impudicit\u00e9&nbsp;\u00bb en France depuis 1810, le long de la fronti\u00e8re tr\u00e8s mouvante entre les \u00ab&nbsp;bonnes m\u0153urs&nbsp;\u00bb et les&nbsp;comportements r\u00e9prouv\u00e9s. Il pointe le&nbsp;risque d\u2019un resserrement des libert\u00e9s<\/strong>. <\/p>\n\n\n\n<p>R\u00e9gis Schlagdenhauffen est ma\u00eetre de conf\u00e9rences \u00e0 l\u2019\u00c9cole des hautes \u00e9tudes sociales. Sp\u00e9cialis\u00e9 dans les questions de genre, de sexe et d\u2019orientations sexuelles, il est l\u2019auteur de<a rel=\"noreferrer noopener\" href=\"https:\/\/editionsdelaube.fr\/catalogue_de_livres\/sexualites-impudiques\/\" target=\"_blank\">&nbsp;\u00ab&nbsp;Sexualit\u00e9s impudiques&nbsp;\u00bb<\/a>, dans lequel il rel\u00e8ve, selon les \u00e9poques, le contr\u00f4le social qui s\u2019exerce \u00e0 travers la sexualit\u00e9. <\/p>\n\n\n\n<p>Au Moyen \u00c2ge, la sexualit\u00e9 faisait quasiment partie de la vie publique. Les gens se baignaient nus, dans des bains publics mixtes. Petit \u00e0 petit, il y a eu une prise de conscience &#8230; <a href=\"https:\/\/www.sudouest.fr\/justice\/la-pudeur-fait-un-inquietant-retour-en-force-l-analyse-du-chercheur-regis-schlagdenhauffen-26609745.php\" data-type=\"URL\" data-id=\"https:\/\/www.sudouest.fr\/justice\/la-pudeur-fait-un-inquietant-retour-en-force-l-analyse-du-chercheur-regis-schlagdenhauffen-26609745.php\">Lire la suite dans <em>Sud Ouest <\/em><\/a><\/p>\n","protected":false},"excerpt":{"rendered":"<p>R\u00e9gis Schlagdenhauffen a r\u00e9alis\u00e9 une enqu\u00eate in\u00e9dite sur les condamnations pour \u00ab&nbsp;impudicit\u00e9&nbsp;\u00bb en France depuis 1810, le long de la fronti\u00e8re tr\u00e8s mouvante entre les \u00ab&nbsp;bonnes m\u0153urs&nbsp;\u00bb et les&nbsp;comportements r\u00e9prouv\u00e9s. Il pointe le&nbsp;risque d\u2019un resserrement des libert\u00e9s. R\u00e9gis Schlagdenhauffen est ma\u00eetre de conf\u00e9rences \u00e0 l\u2019\u00c9cole des hautes \u00e9tudes sociales. Sp\u00e9cialis\u00e9\u2026<\/p>\n<p class=\"continue-reading-button\"> <a class=\"continue-reading-link\" href=\"https:\/\/regis-schlagdenhauffen.eu\/?p=1395\">Lire la suite&#8230;<i class=\"crycon-right-dir\"><\/i><\/a><\/p>\n","protected":false},"author":1,"featured_media":1396,"comment_status":"closed","ping_status":"open","sticky":false,"template":"","format":"standard","meta":[],"categories":[39],"tags":[],"_links":{"self":[{"href":"https:\/\/regis-schlagdenhauffen.eu\/index.php?rest_route=\/wp\/v2\/posts\/1395"}],"collection":[{"href":"https:\/\/regis-schlagdenhauffen.eu\/index.php?rest_route=\/wp\/v2\/posts"}],"about":[{"href":"https:\/\/regis-schlagdenhauffen.eu\/index.php?rest_route=\/wp\/v2\/types\/post"}],"author":[{"embeddable":true,"href":"https:\/\/regis-schlagdenhauffen.eu\/index.php?rest_route=\/wp\/v2\/users\/1"}],"replies":[{"embeddable":true,"href":"https:\/\/regis-schlagdenhauffen.eu\/index.php?rest_route=%2Fwp%2Fv2%2Fcomments&post=1395"}],"version-history":[{"count":2,"href":"https:\/\/regis-schlagdenhauffen.eu\/index.php?rest_route=\/wp\/v2\/posts\/1395\/revisions"}],"predecessor-version":[{"id":1398,"href":"https:\/\/regis-schlagdenhauffen.eu\/index.php?rest_route=\/wp\/v2\/posts\/1395\/revisions\/1398"}],"wp:featuredmedia":[{"embeddable":true,"href":"https:\/\/regis-schlagdenhauffen.eu\/index.php?rest_route=\/wp\/v2\/media\/1396"}],"wp:attachment":[{"href":"https:\/\/regis-schlagdenhauffen.eu\/index.php?rest_route=%2Fwp%2Fv2%2Fmedia&parent=1395"}],"wp:term":[{"taxonomy":"category","embeddable":true,"href":"https:\/\/regis-schlagdenhauffen.eu\/index.php?rest_route=%2Fwp%2Fv2%2Fcategories&post=1395"},{"taxonomy":"post_tag","embeddable":true,"href":"https:\/\/regis-schlagdenhauffen.eu\/index.php?rest_route=%2Fwp%2Fv2%2Ftags&post=1395"}],"curies":[{"name":"wp","href":"https:\/\/api.w.org\/{rel}","templated":true}]}}