{"id":161,"date":"2016-08-04T17:32:47","date_gmt":"2016-08-04T16:32:47","guid":{"rendered":"http:\/\/regis-schlagdenhauffen.eu\/?p=161"},"modified":"2016-08-04T17:34:10","modified_gmt":"2016-08-04T16:34:10","slug":"retour-sur-une-controverse-franco-allemande-laffaire-paris-berlin-1904-1914","status":"publish","type":"post","link":"https:\/\/regis-schlagdenhauffen.eu\/?p=161","title":{"rendered":"Retour sur une controverse franco-allemande: L&rsquo;Affaire Paris-Berlin (1904-1914)"},"content":{"rendered":"<p>L\u2019\u00ab\u00a0Affaire Paris-Berlin<a href=\"#_ftn1\" name=\"_ftnref1\"><\/a>\u00bb \u00e9clate en 1904 au sein des <em>Archives d\u2019anthropologie criminelle. <\/em>Cette controverse, qui a pour objet la sexualit\u00e9, fait un \u00e9trange \u00e9cho aux tensions politiques qui opposent la France \u00e0 l\u2019Allemagne depuis le Trait\u00e9 de Francfort. Humili\u00e9e par sa d\u00e9faite militaire de 1871 et la perte de l\u2019Alsace-Moselle, la France ne cesse depuis de craindre son puissant voisin et de se mesurer \u00e0 lui. La politique \u00e9trang\u00e8re, les luttes d\u2019influence en Europe et les ambitions coloniales rivales, notamment au sujet du Maroc (\u00ab\u00a0Crise de Tanger\u00a0\u00bb en 1905 et \u00ab\u00a0Crise d\u2019Agadir\u00a0\u00bb en 1911) constituent le champ habituel de la confrontation. Au-del\u00e0 des int\u00e9r\u00eats de puissance, Fran\u00e7ais et Allemands pr\u00e9tendent porter, chacun pour leur compte, un certain rapport \u00e0 la culture et \u00e0 la civilisation. Pour les Allemands, la victoire de 1871 est la preuve indubitable de la sup\u00e9riorit\u00e9 germanique. Pour les Fran\u00e7ais, le germanisme, quelles que soient les r\u00e9ussites mat\u00e9rielles allemandes, porte en lui un \u00e9l\u00e9ment de \u00ab\u00a0barbarie\u00a0\u00bb qui ne pourra jamais pr\u00e9tendre \u00e0 \u00e9galer l\u2019h\u00e9ritage gr\u00e9co-latin dont la France est issue.\u00a0Un \u00e9clairage \u00e9tonnant sur cette controverse anthropologique sur fond de nationalisme exacerb\u00e9 nous est fourni par l\u2019\u00ab\u00a0Affaire Paris-Berlin\u00a0\u00bb. L\u2019objet de la querelle est de savoir qui, de Paris ou de Berlin, est la capitale de l\u2019homosexualit\u00e9 et \u00a0&#8230; <strong>T\u00e9l\u00e9charger l&rsquo;article complet en pdf ici<\/strong> &gt;&gt;\u00a0<a href=\"https:\/\/regis-schlagdenhauffen.eu\/wp-content\/uploads\/2016\/08\/Retour-sur-une-controverse-franco-allemande-.pdf\">Retour sur une controverse franco-allemande<\/a><\/p>\n<p>****\u00a0Article paru dans\u00a0<a class=\"parauteurfiche\" href=\"http:\/\/www.pur-editions.fr\/resultat.php?auteur=Pilar%20Gonz%E1lez%20Bernaldo%20et%20Liliane%20Hilaire-Per%E9z%20(dir.)\">Liliane\u00a0Hilaire-Per\u00e9z (dir.)<\/a>, <a href=\"http:\/\/www.pur-editions.fr\/detail.php?idOuv=3874\"><strong><em>Les savoirs-mondes.\u00a0Mobilit\u00e9s et circulation des savoirs depuis le Moyen \u00c2ge<\/em><\/strong><\/a>, Presses universitaires de Rennes, 2015.<\/p>\n","protected":false},"excerpt":{"rendered":"<p>L\u2019\u00ab\u00a0Affaire Paris-Berlin\u00bb \u00e9clate en 1904 au sein des Archives d\u2019anthropologie criminelle. Cette controverse, qui a pour objet la sexualit\u00e9, fait un \u00e9trange \u00e9cho aux tensions politiques qui opposent la France \u00e0 l\u2019Allemagne depuis le Trait\u00e9 de Francfort. Humili\u00e9e par sa d\u00e9faite militaire de 1871 et la perte de l\u2019Alsace-Moselle, la\u2026<\/p>\n<p class=\"continue-reading-button\"> <a class=\"continue-reading-link\" href=\"https:\/\/regis-schlagdenhauffen.eu\/?p=161\">Lire la suite&#8230;<i class=\"crycon-right-dir\"><\/i><\/a><\/p>\n","protected":false},"author":1,"featured_media":163,"comment_status":"open","ping_status":"open","sticky":false,"template":"","format":"standard","meta":[],"categories":[1],"tags":[23,13,22,21,20,24,25,18],"_links":{"self":[{"href":"https:\/\/regis-schlagdenhauffen.eu\/index.php?rest_route=\/wp\/v2\/posts\/161"}],"collection":[{"href":"https:\/\/regis-schlagdenhauffen.eu\/index.php?rest_route=\/wp\/v2\/posts"}],"about":[{"href":"https:\/\/regis-schlagdenhauffen.eu\/index.php?rest_route=\/wp\/v2\/types\/post"}],"author":[{"embeddable":true,"href":"https:\/\/regis-schlagdenhauffen.eu\/index.php?rest_route=\/wp\/v2\/users\/1"}],"replies":[{"embeddable":true,"href":"https:\/\/regis-schlagdenhauffen.eu\/index.php?rest_route=%2Fwp%2Fv2%2Fcomments&post=161"}],"version-history":[{"count":2,"href":"https:\/\/regis-schlagdenhauffen.eu\/index.php?rest_route=\/wp\/v2\/posts\/161\/revisions"}],"predecessor-version":[{"id":165,"href":"https:\/\/regis-schlagdenhauffen.eu\/index.php?rest_route=\/wp\/v2\/posts\/161\/revisions\/165"}],"wp:featuredmedia":[{"embeddable":true,"href":"https:\/\/regis-schlagdenhauffen.eu\/index.php?rest_route=\/wp\/v2\/media\/163"}],"wp:attachment":[{"href":"https:\/\/regis-schlagdenhauffen.eu\/index.php?rest_route=%2Fwp%2Fv2%2Fmedia&parent=161"}],"wp:term":[{"taxonomy":"category","embeddable":true,"href":"https:\/\/regis-schlagdenhauffen.eu\/index.php?rest_route=%2Fwp%2Fv2%2Fcategories&post=161"},{"taxonomy":"post_tag","embeddable":true,"href":"https:\/\/regis-schlagdenhauffen.eu\/index.php?rest_route=%2Fwp%2Fv2%2Ftags&post=161"}],"curies":[{"name":"wp","href":"https:\/\/api.w.org\/{rel}","templated":true}]}}