{"id":262,"date":"2016-10-19T10:07:28","date_gmt":"2016-10-19T09:07:28","guid":{"rendered":"http:\/\/regis-schlagdenhauffen.eu\/?p=262"},"modified":"2016-11-09T13:30:33","modified_gmt":"2016-11-09T12:30:33","slug":"recherches-sur-les-homosexualites-programme-du-seminaire-201617","status":"publish","type":"post","link":"https:\/\/regis-schlagdenhauffen.eu\/?p=262","title":{"rendered":"Recherches sur les homosexualit\u00e9s &#8211; Programme du s\u00e9minaire 2016\/17"},"content":{"rendered":"<h4><span style=\"color: #800000;\"><strong>Recherches sur les homosexualit\u00e9s, Programme du s\u00e9minaire EHESS, 1<sup>er<\/sup> semestre 2016\/17<\/strong><\/span><\/h4>\n<p><em>&#8211; Les Jeudis<\/em> <em>de 17 h \u00e0 19 h<\/em> (salle 3, 105 bd Raspail 75006 Paris), <em>du 20 octobre 2016 au 19 janvier 2017 &#8211;<br \/>\n<\/em><\/p>\n<ul>\n<li><strong>20 octobre\u00a0<\/strong>: <em>Introduction g\u00e9n\u00e9rale<\/em><\/li>\n<li><strong>27 octobre\u00a0<\/strong>: <em>\u00catre homosexuel-le en Europe au temps de la Seconde guerre mondiale<\/em><\/li>\n<li><strong>3 novembre\u00a0<\/strong>: <em>Forces de l\u2019ordre et institutions p\u00e9nales. H\u00e9t\u00e9ronormativit\u00e9, homosexualit\u00e9 et homophobie <\/em><\/li>\n<li><strong>10 novembre\u00a0<\/strong>: <em>Histoire et archives des homosexualit\u00e9s &#8211; <\/em>Michael Sibalis, Prof. Wilfrid-Laurier Univ.\u00a0&amp; R\u00e9gis Revenin, Mcf Univ. Paris Descartes<\/li>\n<li><strong>17 novembre\u00a0<\/strong>: <em>\u00c0 l\u2019\u00e9preuve de l\u2019analyse de classe. L\u2019homosexualit\u00e9 et le mouvement communiste aux Philippines &#8211;<\/em> Gwenola Ricordeau, Mcf Univ. de Lille<\/li>\n<li><strong>24 novembre\u00a0<\/strong>: Travaux sur textes<\/li>\n<li><strong>1<sup>er<\/sup> d\u00e9cembre\u00a0<\/strong>: <em>Political Memoirs and Intimate Confessions : Analysing Four US Gay Liberation\/Gay Rights Militants\u2019 Memoirs &#8211; <\/em>Guillaume Marche, Prof. UPEC<\/li>\n<li><strong>8 d\u00e9cembre\u00a0<\/strong>: <em>Normes scolaires de genre et d\u2019orientation sexuelle &#8211; <\/em>Gabrielle Richard, Post-doc UPEC<\/li>\n<li><strong>15 d\u00e9cembre\u00a0<\/strong>: <em>Espaces queers autonomes en Europe &#8211; <\/em>Konstantinos Eleftheriadis, Post-doc EHESS<\/li>\n<li><strong>5 janvier\u00a0<\/strong>: <em>Guy Hocquenghem, sociologie d\u2019une trajectoire homosexuelle &#8211; <\/em>Antoine Idier, Post-doc ENSAPC<\/li>\n<li><strong>12 janvier\u00a0<\/strong>: Travaux sur textes<\/li>\n<li><strong>19 janvier\u00a0<\/strong>: <em>Des membres du \u00ab\u00a0troisi\u00e8me sexe\u00a0\u00bb ? <\/em>Muscle Beach<em> et la remise en question\u00a0des cat\u00e9gories sexuelles &#8211; <\/em>Elsa Devienne, Mcf Paris Ouest, Princeton Mellon Fellow<\/li>\n<\/ul>\n<h4><span style=\"color: #800000;\"><strong>S\u00e9ances annonc\u00e9es au 2<sup>e<\/sup> semestre<\/strong><\/span><\/h4>\n<ul>\n<li><strong>14 mars\u00a0<\/strong>: <em>Le mouvement LGBT dans l\u2019espace yougoslave, entre nationalisme et europ\u00e9anisation<\/em>, Bojan Bilic (Univ. Amsterdam) = S\u00e9minaire Genre &amp; Europe, en Sorbonne<\/li>\n<li><strong>9 mai\u00a0<\/strong>: <em>Les gays sous le franquisme. Genre, corps et classes<\/em>, Geoffroy Huard (Univ. Le Havre) = S\u00e9minaire Genre &amp; Europe, en Sorbonne<\/li>\n<\/ul>\n<h4><span style=\"color: #800000;\"><strong>Bibliographie<\/strong><\/span><\/h4>\n<ul>\n<li>Arnal F., <em>R\u00e9sister ou dispara\u00eetre\u00a0? Les homosexuels face au sida<\/em>, Paris, L\u2019Harmattan, 1993.<\/li>\n<li>Badgett L., <em>Money, Myths and Change. The economic lives of lesbians and gay men<\/em>, Chicago, Univ. Chicago Press, 2002.<\/li>\n<li>Binnie J., <em>The globalization of sexuality<\/em>, Londres, Sage, 2004.<\/li>\n<li>Boehringer S., <em>L\u2019homosexualit\u00e9 f\u00e9minine dans l\u2019Antiquit\u00e9 grecque et romaine<\/em>, Paris, Les Belles Lettres, 2007.<\/li>\n<li>Briki M.,\u00a0<em>Psychiatrie et homosexualit\u00e9<\/em>, Besan\u00e7on, Presses univ. de Franche-Comt\u00e9, 2009.<\/li>\n<li>Chauncey G., <em>et al.<\/em>, <em>Hidden from history. Reclaiming the gay and lesbian past<\/em>, New York, New american library, 1989.<\/li>\n<li>Descoutures V., <em>Les m\u00e8res lesbiennes<\/em>, Paris, PUF, 2010.<\/li>\n<li>Falcoz C., <em>L\u2019homophobie dans l\u2019entreprise,<\/em> Paris, La documentation fran\u00e7aise, 2008.<\/li>\n<li>Fassin E.,<em> L\u2019inversion de la question homosexuelle<\/em>, Paris, \u00e9d. Amsterdam, 2005.<\/li>\n<li>Halperin D., <em>How to do the history of homosexuality,<\/em> Chicago, Univ. of Chicago Press, 2002.<\/li>\n<li>Martel F., <em>Global gay. Comment la r\u00e9volution gay change le monde<\/em>, Paris, Flammarion, 2013.<\/li>\n<li>Massad J., <em>Desiring Arabs<\/em>, Chicago, Univ. of Chicago Press, 2007.<\/li>\n<li>Merrick J. (dir.), <em>Homosexuality in modern France<\/em>, Oxford, Oxford Univ. Press, 1996.<\/li>\n<li>Meyerowitz J., <em>How sex changed. A history of transsexuality in the United States<\/em>, Cambridge, Harvard Univ. Press, 2002.<\/li>\n<li>Proth B., <em>Lieux de drague. Sc\u00e8nes et coulisses d\u2019une sexualit\u00e9 masculine<\/em>, Toulouse, Octar\u00e8s, 2002.<\/li>\n<li>Puar J., <em>Homonationalisme. Politiques queer apr\u00e8s le 11 septembre<\/em>, Paris, \u00e9d. Amsterdam, 2012.<\/li>\n<li>Rosario V. A. (dir.),\u00a0<em>Science and Homosexualities<\/em>, New York, Routledge, 1997.<\/li>\n<li>Rubin G., <em>Surveiller et jouir. Anthropologie politique du sexe<\/em>, EPEL, 2010.<\/li>\n<li>Tin L.-G., <em>L\u2019invention de la culture h\u00e9t\u00e9rosexuelle<\/em>, Paris, Autrement, 2008.<\/li>\n<li>Weston K., <em>Families we choose. Lesbian, gays, kinship<\/em>, New York, Columbia Univ. Press, 1991.<\/li>\n<li>Wright L.-K., <em>The bear book. Readings in the history and evolution of a gay-male subculture<\/em>, New York, Haworth, 1997.<\/li>\n<\/ul>\n<p><img decoding=\"async\" loading=\"lazy\" class=\"alignnone size-medium wp-image-159\" src=\"https:\/\/regis-schlagdenhauffen.eu\/wp-content\/uploads\/2016\/08\/13823481_1156610984380748_978757814_n-300x124.jpg\" alt=\"13823481_1156610984380748_978757814_n\" width=\"300\" height=\"124\" srcset=\"https:\/\/regis-schlagdenhauffen.eu\/wp-content\/uploads\/2016\/08\/13823481_1156610984380748_978757814_n-300x124.jpg 300w, https:\/\/regis-schlagdenhauffen.eu\/wp-content\/uploads\/2016\/08\/13823481_1156610984380748_978757814_n-250x104.jpg 250w, https:\/\/regis-schlagdenhauffen.eu\/wp-content\/uploads\/2016\/08\/13823481_1156610984380748_978757814_n-150x62.jpg 150w, https:\/\/regis-schlagdenhauffen.eu\/wp-content\/uploads\/2016\/08\/13823481_1156610984380748_978757814_n.jpg 427w\" sizes=\"(max-width: 300px) 100vw, 300px\" \/><\/p>\n","protected":false},"excerpt":{"rendered":"<p>Recherches sur les homosexualit\u00e9s, Programme du s\u00e9minaire EHESS, 1er semestre 2016\/17 &#8211; Les Jeudis de 17 h \u00e0 19 h (salle 3, 105 bd Raspail 75006 Paris), du 20 octobre 2016 au 19 janvier 2017 &#8211; 20 octobre\u00a0: Introduction g\u00e9n\u00e9rale 27 octobre\u00a0: \u00catre homosexuel-le en Europe au temps de la\u2026<\/p>\n<p class=\"continue-reading-button\"> <a class=\"continue-reading-link\" href=\"https:\/\/regis-schlagdenhauffen.eu\/?p=262\">Lire la suite&#8230;<i class=\"crycon-right-dir\"><\/i><\/a><\/p>\n","protected":false},"author":1,"featured_media":159,"comment_status":"open","ping_status":"open","sticky":false,"template":"","format":"standard","meta":[],"categories":[40,6],"tags":[165,161,162,163,58,28,158,18,76,166,159,160,37,157,164,103],"_links":{"self":[{"href":"https:\/\/regis-schlagdenhauffen.eu\/index.php?rest_route=\/wp\/v2\/posts\/262"}],"collection":[{"href":"https:\/\/regis-schlagdenhauffen.eu\/index.php?rest_route=\/wp\/v2\/posts"}],"about":[{"href":"https:\/\/regis-schlagdenhauffen.eu\/index.php?rest_route=\/wp\/v2\/types\/post"}],"author":[{"embeddable":true,"href":"https:\/\/regis-schlagdenhauffen.eu\/index.php?rest_route=\/wp\/v2\/users\/1"}],"replies":[{"embeddable":true,"href":"https:\/\/regis-schlagdenhauffen.eu\/index.php?rest_route=%2Fwp%2Fv2%2Fcomments&post=262"}],"version-history":[{"count":3,"href":"https:\/\/regis-schlagdenhauffen.eu\/index.php?rest_route=\/wp\/v2\/posts\/262\/revisions"}],"predecessor-version":[{"id":269,"href":"https:\/\/regis-schlagdenhauffen.eu\/index.php?rest_route=\/wp\/v2\/posts\/262\/revisions\/269"}],"wp:featuredmedia":[{"embeddable":true,"href":"https:\/\/regis-schlagdenhauffen.eu\/index.php?rest_route=\/wp\/v2\/media\/159"}],"wp:attachment":[{"href":"https:\/\/regis-schlagdenhauffen.eu\/index.php?rest_route=%2Fwp%2Fv2%2Fmedia&parent=262"}],"wp:term":[{"taxonomy":"category","embeddable":true,"href":"https:\/\/regis-schlagdenhauffen.eu\/index.php?rest_route=%2Fwp%2Fv2%2Fcategories&post=262"},{"taxonomy":"post_tag","embeddable":true,"href":"https:\/\/regis-schlagdenhauffen.eu\/index.php?rest_route=%2Fwp%2Fv2%2Ftags&post=262"}],"curies":[{"name":"wp","href":"https:\/\/api.w.org\/{rel}","templated":true}]}}