{"id":270,"date":"2016-10-20T13:35:23","date_gmt":"2016-10-20T12:35:23","guid":{"rendered":"http:\/\/regis-schlagdenhauffen.eu\/?p=270"},"modified":"2016-10-20T13:35:23","modified_gmt":"2016-10-20T12:35:23","slug":"les-victimes-du-nazisme-version-pdf","status":"publish","type":"post","link":"https:\/\/regis-schlagdenhauffen.eu\/?p=270","title":{"rendered":"Les victimes du nazisme (version pdf)"},"content":{"rendered":"<p><span class=\"small\">Les fiches p\u00e9dagogiques que j&rsquo;ai r\u00e9dig\u00e9es sur les diff\u00e9rentes cat\u00e9gories de victimes du nazisme ont pour objectif d&rsquo;aider \u00e9tudiants et enseignants \u00e0 pr\u00e9parer leurs cours sur l&rsquo;histoire et la m\u00e9moire de l&rsquo;Holocauste. Chaque fiche est illustr\u00e9e par une toile de la plasticienne Francine Mayran. Ces fiches sont d\u00e9sormais accessibles gratuitement en ligne sur le site du Conseil de l&rsquo;Europe &gt;&gt; <a href=\"https:\/\/rm.coe.int\/CoERMPublicCommonSearchServices\/DisplayDCTMContent?documentId=090000168048250f\">https:\/\/rm.coe.int\/CoERMPublicCommonSearchServices\/DisplayDCTMContent?documentId=090000168048250f<\/a><br \/>\n<\/span><\/p>\n<p><img decoding=\"async\" loading=\"lazy\" class=\"alignnone size-medium wp-image-271\" src=\"https:\/\/regis-schlagdenhauffen.eu\/wp-content\/uploads\/2016\/10\/Capture-d\u2019e\u0301cran-2016-10-20-a\u0300-14.20.58-278x300.png\" alt=\"Victimes su nazisme\" width=\"278\" height=\"300\" srcset=\"https:\/\/regis-schlagdenhauffen.eu\/wp-content\/uploads\/2016\/10\/Capture-d\u2019e\u0301cran-2016-10-20-a\u0300-14.20.58-278x300.png 278w, https:\/\/regis-schlagdenhauffen.eu\/wp-content\/uploads\/2016\/10\/Capture-d\u2019e\u0301cran-2016-10-20-a\u0300-14.20.58-768x830.png 768w, https:\/\/regis-schlagdenhauffen.eu\/wp-content\/uploads\/2016\/10\/Capture-d\u2019e\u0301cran-2016-10-20-a\u0300-14.20.58-139x150.png 139w, https:\/\/regis-schlagdenhauffen.eu\/wp-content\/uploads\/2016\/10\/Capture-d\u2019e\u0301cran-2016-10-20-a\u0300-14.20.58.png 809w\" sizes=\"(max-width: 278px) 100vw, 278px\" \/><\/p>\n<p>Retrouvez ici toutes les publications en ligne du programme \u00ab\u00a0<a href=\"http:\/\/www.coe.int\/fr\/web\/holocaust\/publications?p_p_id=49&amp;p_p_lifecycle=1&amp;p_p_state=normal&amp;p_p_mode=view&amp;_49_struts_action=%2Fmy_sites%2Fview&amp;_49_groupId=10884639&amp;_49_privateLayout=false\">M\u00e9moire de l\u2019Holocauste et pr\u00e9vention des crimes contre l\u2019humanit\u00e9<\/a>\u00a0\u00bb du Conseil de l&rsquo;Europe &gt;&gt; <a href=\"http:\/\/www.coe.int\/fr\/web\/holocaust\/publications\">http:\/\/www.coe.int\/fr\/web\/holocaust\/publications<\/a><\/p>\n","protected":false},"excerpt":{"rendered":"<p>Les fiches p\u00e9dagogiques que j&rsquo;ai r\u00e9dig\u00e9es sur les diff\u00e9rentes cat\u00e9gories de victimes du nazisme ont pour objectif d&rsquo;aider \u00e9tudiants et enseignants \u00e0 pr\u00e9parer leurs cours sur l&rsquo;histoire et la m\u00e9moire de l&rsquo;Holocauste. Chaque fiche est illustr\u00e9e par une toile de la plasticienne Francine Mayran. Ces fiches sont d\u00e9sormais accessibles gratuitement\u2026<\/p>\n<p class=\"continue-reading-button\"> <a class=\"continue-reading-link\" href=\"https:\/\/regis-schlagdenhauffen.eu\/?p=270\">Lire la suite&#8230;<i class=\"crycon-right-dir\"><\/i><\/a><\/p>\n","protected":false},"author":1,"featured_media":271,"comment_status":"open","ping_status":"open","sticky":false,"template":"","format":"standard","meta":[],"categories":[3],"tags":[175,174,178,177,181,115,16,19,176,150,173,179,180],"_links":{"self":[{"href":"https:\/\/regis-schlagdenhauffen.eu\/index.php?rest_route=\/wp\/v2\/posts\/270"}],"collection":[{"href":"https:\/\/regis-schlagdenhauffen.eu\/index.php?rest_route=\/wp\/v2\/posts"}],"about":[{"href":"https:\/\/regis-schlagdenhauffen.eu\/index.php?rest_route=\/wp\/v2\/types\/post"}],"author":[{"embeddable":true,"href":"https:\/\/regis-schlagdenhauffen.eu\/index.php?rest_route=\/wp\/v2\/users\/1"}],"replies":[{"embeddable":true,"href":"https:\/\/regis-schlagdenhauffen.eu\/index.php?rest_route=%2Fwp%2Fv2%2Fcomments&post=270"}],"version-history":[{"count":1,"href":"https:\/\/regis-schlagdenhauffen.eu\/index.php?rest_route=\/wp\/v2\/posts\/270\/revisions"}],"predecessor-version":[{"id":272,"href":"https:\/\/regis-schlagdenhauffen.eu\/index.php?rest_route=\/wp\/v2\/posts\/270\/revisions\/272"}],"wp:featuredmedia":[{"embeddable":true,"href":"https:\/\/regis-schlagdenhauffen.eu\/index.php?rest_route=\/wp\/v2\/media\/271"}],"wp:attachment":[{"href":"https:\/\/regis-schlagdenhauffen.eu\/index.php?rest_route=%2Fwp%2Fv2%2Fmedia&parent=270"}],"wp:term":[{"taxonomy":"category","embeddable":true,"href":"https:\/\/regis-schlagdenhauffen.eu\/index.php?rest_route=%2Fwp%2Fv2%2Fcategories&post=270"},{"taxonomy":"post_tag","embeddable":true,"href":"https:\/\/regis-schlagdenhauffen.eu\/index.php?rest_route=%2Fwp%2Fv2%2Ftags&post=270"}],"curies":[{"name":"wp","href":"https:\/\/api.w.org\/{rel}","templated":true}]}}