{"id":316,"date":"2017-02-10T11:07:07","date_gmt":"2017-02-10T10:07:07","guid":{"rendered":"http:\/\/regis-schlagdenhauffen.eu\/?p=316"},"modified":"2017-02-10T11:07:07","modified_gmt":"2017-02-10T10:07:07","slug":"linvention-des-commemorations-homosexuelles","status":"publish","type":"post","link":"https:\/\/regis-schlagdenhauffen.eu\/?p=316","title":{"rendered":"L\u2019invention des comm\u00e9morations homosexuelles"},"content":{"rendered":"<div class=\"tocSection1\" style=\"text-align: justify;\">Comment vint l\u2019id\u00e9e de comm\u00e9morer le martyre homosexuel ? <span lang=\"fr\" xml:lang=\"fr\">Cet article s\u2019int\u00e9resse \u00e0 cette question et \u00e0 celle, sous-jacente, de la construction d\u2019une m\u00e9moire collective homosexuelle fond\u00e9e sur les pers\u00e9cutions subies durant la Seconde Guerre mondiale. L\u2019\u00e9tude de ce processus permet de saisir la mani\u00e8re dont un groupe social, originellement stigmatis\u00e9, est parvenu en un temps relativement court \u00e0 renverser sa perception au sein d\u2019une m\u00eame soci\u00e9t\u00e9. Le processus d\u2019inversion du stigmate, que la comm\u00e9moration des victimes homosexuelles du nazisme r\u00e9v\u00e8le, est tout particuli\u00e8rement visible dans les projets de monuments et dans les demandes d\u2019inclusion des homosexuels dans la comm\u00e9moration publique des martyrs et victimes de la d\u00e9portation. Cet article propose d\u2019en reconstruire les modalit\u00e9s, de 1946 \u00e0 nos jours.<br \/>\n<\/span><\/div>\n<div class=\"tocSection1\" style=\"text-align: justify;\"><\/div>\n<div class=\"tocSection1\" style=\"text-align: justify;\"><strong>Pour lire l&rsquo;article dans la revue <em>Socio<\/em> : -&gt; <a href=\"https:\/\/socio.revues.org\/2438\">https:\/\/socio.revues.org\/2438<\/a><\/strong><\/div>\n<div class=\"tocSection1\" style=\"text-align: justify;\"><\/div>\n<div class=\"tocSection1\" style=\"text-align: justify;\">&#8212;&#8212;<\/div>\n<div class=\"tocSection1\" style=\"text-align: justify;\">R\u00e9f\u00e9rence papier: <strong>R\u00e9gis <span class=\"familyName\">Schlagdenhauffen<\/span><\/strong>, \u00ab\u00a0L\u2019invention des comm\u00e9morations homosexuelles\u00a0\u00bb, <em>Socio<\/em>, 7\u00a0|\u00a02016, 101-118.<\/div>\n","protected":false},"excerpt":{"rendered":"<p>Comment vint l\u2019id\u00e9e de comm\u00e9morer le martyre homosexuel ? Cet article s\u2019int\u00e9resse \u00e0 cette question et \u00e0 celle, sous-jacente, de la construction d\u2019une m\u00e9moire collective homosexuelle fond\u00e9e sur les pers\u00e9cutions subies durant la Seconde Guerre mondiale. L\u2019\u00e9tude de ce processus permet de saisir la mani\u00e8re dont un groupe social, originellement\u2026<\/p>\n<p class=\"continue-reading-button\"> <a class=\"continue-reading-link\" href=\"https:\/\/regis-schlagdenhauffen.eu\/?p=316\">Lire la suite&#8230;<i class=\"crycon-right-dir\"><\/i><\/a><\/p>\n","protected":false},"author":1,"featured_media":317,"comment_status":"open","ping_status":"open","sticky":false,"template":"","format":"standard","meta":[],"categories":[1],"tags":[15,12,10,18,218,76,217,220,19,219,109],"_links":{"self":[{"href":"https:\/\/regis-schlagdenhauffen.eu\/index.php?rest_route=\/wp\/v2\/posts\/316"}],"collection":[{"href":"https:\/\/regis-schlagdenhauffen.eu\/index.php?rest_route=\/wp\/v2\/posts"}],"about":[{"href":"https:\/\/regis-schlagdenhauffen.eu\/index.php?rest_route=\/wp\/v2\/types\/post"}],"author":[{"embeddable":true,"href":"https:\/\/regis-schlagdenhauffen.eu\/index.php?rest_route=\/wp\/v2\/users\/1"}],"replies":[{"embeddable":true,"href":"https:\/\/regis-schlagdenhauffen.eu\/index.php?rest_route=%2Fwp%2Fv2%2Fcomments&post=316"}],"version-history":[{"count":1,"href":"https:\/\/regis-schlagdenhauffen.eu\/index.php?rest_route=\/wp\/v2\/posts\/316\/revisions"}],"predecessor-version":[{"id":318,"href":"https:\/\/regis-schlagdenhauffen.eu\/index.php?rest_route=\/wp\/v2\/posts\/316\/revisions\/318"}],"wp:featuredmedia":[{"embeddable":true,"href":"https:\/\/regis-schlagdenhauffen.eu\/index.php?rest_route=\/wp\/v2\/media\/317"}],"wp:attachment":[{"href":"https:\/\/regis-schlagdenhauffen.eu\/index.php?rest_route=%2Fwp%2Fv2%2Fmedia&parent=316"}],"wp:term":[{"taxonomy":"category","embeddable":true,"href":"https:\/\/regis-schlagdenhauffen.eu\/index.php?rest_route=%2Fwp%2Fv2%2Fcategories&post=316"},{"taxonomy":"post_tag","embeddable":true,"href":"https:\/\/regis-schlagdenhauffen.eu\/index.php?rest_route=%2Fwp%2Fv2%2Ftags&post=316"}],"curies":[{"name":"wp","href":"https:\/\/api.w.org\/{rel}","templated":true}]}}