{"id":329,"date":"2017-02-22T16:49:38","date_gmt":"2017-02-22T15:49:38","guid":{"rendered":"http:\/\/regis-schlagdenhauffen.eu\/?p=329"},"modified":"2017-02-22T16:49:38","modified_gmt":"2017-02-22T15:49:38","slug":"programme-du-seminaire-aux-sources-de-lintime","status":"publish","type":"post","link":"https:\/\/regis-schlagdenhauffen.eu\/?p=329","title":{"rendered":"Programme du s\u00e9minaire \u00ab\u00a0Aux sources de l&rsquo;intime\u00a0\u00bb"},"content":{"rendered":"<p style=\"text-align: justify;\"><span style=\"color: #000080;\">Journaux intimes, documents personnels et archives du for priv\u00e9 constituent une source de choix pour les historien-ne-s et chercheur-e-s en SHS en ce qu\u2019ils offrent un acc\u00e8s privil\u00e9gi\u00e9 \u00e0 la parole et \u00e0 la subjectivit\u00e9 des acteurs et actrices.\u00a0Pour autant, bien qu\u2019ils permettent une histoire \u00e0 \u00ab hauteur d\u2019homme \u00bb, ces documents ne sauraient constituer un acc\u00e8s imm\u00e9diat et transparent \u00e0 une quelconque v\u00e9rit\u00e9 personnelle. Ils sont porteurs d\u2019enjeux de recherche et de probl\u00e9matiques m\u00e9thodologiques sp\u00e9cifiques \u00e0 l\u2019\u00e9criture de soi que ce s\u00e9minaire se propose d\u2019explorer.\u00a0Espace interactif et de participation, ce dernier alternera s\u00e9ances de contenus, pr\u00e9sentations par des chercheurs ayant travaill\u00e9 sur des journaux intimes, visite de fonds d\u2019archives (au MNHN), initiation aux techniques de codage et de transcription ainsi que la r\u00e9alisation d\u2019enqu\u00eates collectives.<\/span><\/p>\n<p><b>Programme<\/b><\/p>\n<ul>\n<li><b><span id=\"OBJ_PREFIX_DWT608_com_zimbra_date\" class=\"Object\"><span id=\"OBJ_PREFIX_DWT617_com_zimbra_date\" class=\"Object\">Jeudi<\/span><\/span> 23 f\u00e9vrier<\/b>\u00a0<strong>2017<\/strong>\u00a0: Introduction, sciences sociales et sources de l\u2019intime<\/li>\n<li><b>2 mars<\/b>\u00a0 Les journaux de l\u2019intime (Lecture: Luc Boltanski, \u201cPouvoir et impuissance [projet intellectuel et sexualit\u00e9 dans le Journal d&rsquo;Amiel]\u201d, <i>Actes de la recherche en sciences sociales<\/i>. Vol. 1, n\u00b05-6, <span id=\"OBJ_PREFIX_DWT609_com_zimbra_date\" class=\"Object\"><span id=\"OBJ_PREFIX_DWT618_com_zimbra_date\" class=\"Object\">novembre 1975<\/span><\/span>, p. 80-108)<\/li>\n<li><b>7 mars<\/b>: Retour aux sources: Visite des entrailles scripturaires du Mus\u00e9um National d\u2019Histoire Naturelle (MNHN)<\/li>\n<li><b>9 mars<\/b>\u00a0 Initiation aux m\u00e9thodes de saisie et codage des donn\u00e9es textuelles (Lecture: Elisa Grandi &amp; \u00c9milien Ruiz, \u00ab Entretien avec Claire Lemercier: Ce que le num\u00e9rique fait \u00e0 l\u2019historien.ne \u00bb, <i>Diacronie <\/i>[Online], N\u00b0 10, 2 | 2012, URL :<span id=\"OBJ_PREFIX_DWT610_com_zimbra_url\" class=\"Object\"><span id=\"OBJ_PREFIX_DWT619_com_zimbra_url\" class=\"Object\"><a href=\"http:\/\/diacronie.revues.org\/2780\" target=\"_blank\">http:\/\/diacronie.revues.org\/2780<\/a><\/span><\/span>)<\/li>\n<li><b>16 mars<\/b>\u00a0Des chercheurs \u00e0 l\u2019\u00e9preuve des sources de l\u2019intime: intervention de Clive Thompson (Universit\u00e9 de Guelph, <i>\u00e0 confirmer<\/i>)<\/li>\n<li><b>23 mars<\/b>\u00a0Des chercheurs \u00e0 l\u2019\u00e9preuve des sources de l\u2019intime: intervention de Cl\u00e9mentine Vidal-Naquet (Universit\u00e9 Picardie Jules Verne)<\/li>\n<li><b>20 avril<\/b>\u00a0 Travaux collectifs sur les journaux intimes<\/li>\n<li><b>18 mai<\/b>\u00a0 S\u00e9ance conclusive : restitution des enqu\u00eates collectives<\/li>\n<\/ul>\n<p>Organis\u00e9 par :\u00a0Clyde Plumauzille, EHESS, <span id=\"OBJ_PREFIX_DWT603_com_zimbra_email\" class=\"Object\"><span id=\"OBJ_PREFIX_DWT611_com_zimbra_email\" class=\"Object\">\u00a0&amp;\u00a0<\/span><\/span><span lang=\"DE\">R\u00e9gis Schlagdenhauffen, EHESS<\/span><\/p>\n<p><i><span id=\"OBJ_PREFIX_DWT613_com_zimbra_date\" class=\"Object\">Jeudi<\/span> de 14 h \u00e0 17 h (salle 3, 105 bd Raspail 75006 Paris), du <span id=\"OBJ_PREFIX_DWT605_com_zimbra_date\" class=\"Object\"><span id=\"OBJ_PREFIX_DWT614_com_zimbra_date\" class=\"Object\">23 f\u00e9vrier 2017<\/span><\/span> au <span id=\"OBJ_PREFIX_DWT606_com_zimbra_date\" class=\"Object\"><span id=\"OBJ_PREFIX_DWT615_com_zimbra_date\" class=\"Object\">20 avril 2017<\/span><\/span>, puis derni\u00e8re s\u00e9ance le <span id=\"OBJ_PREFIX_DWT607_com_zimbra_date\" class=\"Object\"><span id=\"OBJ_PREFIX_DWT616_com_zimbra_date\" class=\"Object\">18 mai 2017<\/span><\/span><\/i><\/p>\n","protected":false},"excerpt":{"rendered":"<p>Journaux intimes, documents personnels et archives du for priv\u00e9 constituent une source de choix pour les historien-ne-s et chercheur-e-s en SHS en ce qu\u2019ils offrent un acc\u00e8s privil\u00e9gi\u00e9 \u00e0 la parole et \u00e0 la subjectivit\u00e9 des acteurs et actrices.\u00a0Pour autant, bien qu\u2019ils permettent une histoire \u00e0 \u00ab hauteur d\u2019homme \u00bb,\u2026<\/p>\n<p class=\"continue-reading-button\"> <a class=\"continue-reading-link\" href=\"https:\/\/regis-schlagdenhauffen.eu\/?p=329\">Lire la suite&#8230;<i class=\"crycon-right-dir\"><\/i><\/a><\/p>\n","protected":false},"author":1,"featured_media":330,"comment_status":"open","ping_status":"open","sticky":false,"template":"","format":"standard","meta":[],"categories":[6],"tags":[232,58,229,231,230],"_links":{"self":[{"href":"https:\/\/regis-schlagdenhauffen.eu\/index.php?rest_route=\/wp\/v2\/posts\/329"}],"collection":[{"href":"https:\/\/regis-schlagdenhauffen.eu\/index.php?rest_route=\/wp\/v2\/posts"}],"about":[{"href":"https:\/\/regis-schlagdenhauffen.eu\/index.php?rest_route=\/wp\/v2\/types\/post"}],"author":[{"embeddable":true,"href":"https:\/\/regis-schlagdenhauffen.eu\/index.php?rest_route=\/wp\/v2\/users\/1"}],"replies":[{"embeddable":true,"href":"https:\/\/regis-schlagdenhauffen.eu\/index.php?rest_route=%2Fwp%2Fv2%2Fcomments&post=329"}],"version-history":[{"count":1,"href":"https:\/\/regis-schlagdenhauffen.eu\/index.php?rest_route=\/wp\/v2\/posts\/329\/revisions"}],"predecessor-version":[{"id":331,"href":"https:\/\/regis-schlagdenhauffen.eu\/index.php?rest_route=\/wp\/v2\/posts\/329\/revisions\/331"}],"wp:featuredmedia":[{"embeddable":true,"href":"https:\/\/regis-schlagdenhauffen.eu\/index.php?rest_route=\/wp\/v2\/media\/330"}],"wp:attachment":[{"href":"https:\/\/regis-schlagdenhauffen.eu\/index.php?rest_route=%2Fwp%2Fv2%2Fmedia&parent=329"}],"wp:term":[{"taxonomy":"category","embeddable":true,"href":"https:\/\/regis-schlagdenhauffen.eu\/index.php?rest_route=%2Fwp%2Fv2%2Fcategories&post=329"},{"taxonomy":"post_tag","embeddable":true,"href":"https:\/\/regis-schlagdenhauffen.eu\/index.php?rest_route=%2Fwp%2Fv2%2Ftags&post=329"}],"curies":[{"name":"wp","href":"https:\/\/api.w.org\/{rel}","templated":true}]}}