{"id":363,"date":"2017-04-27T11:43:23","date_gmt":"2017-04-27T10:43:23","guid":{"rendered":"http:\/\/regis-schlagdenhauffen.eu\/?p=363"},"modified":"2017-04-23T11:48:36","modified_gmt":"2017-04-23T10:48:36","slug":"visibilite-attributs-et-deploiement-identitaire","status":"publish","type":"post","link":"https:\/\/regis-schlagdenhauffen.eu\/?p=363","title":{"rendered":"Visibilit\u00e9, attributs et d\u00e9ploiement identitaire"},"content":{"rendered":"<p style=\"text-align: justify;\">La lecture du livre du sociologue Wayne Brekhus (Peacocks, Chameleons &amp; Centaurs) m&rsquo;a r\u00e9solument invit\u00e9 \u00e0 tenir compte des dimensions non-marqu\u00e9es et non-visibles dans mes recherches. Cet ouvrage qui propose un mod\u00e8le d&rsquo;analyse de l&rsquo;identit\u00e9 sociale appr\u00e9hend\u00e9e dans ses dimensions expressives et performatives n&rsquo;a connu quasiment aucune r\u00e9ception dans la sociologie de langue fran\u00e7aise depuis sa publication en 2003. Or, et tel est tout l&rsquo;int\u00e9r\u00eat de ce livre, Brekhus sugg\u00e8re de tenir compte des aspects les moins visibles, les moins marqu\u00e9s de la r\u00e9alit\u00e9 sociale, autrement dit d&rsquo;\u00e9clairer la recherche en sciences sociales sur les acteurs qui se situent g\u00e9n\u00e9ralement en de\u00e7a du seuil de la visibilit\u00e9&#8230; <a href=\"https:\/\/halshs.archives-ouvertes.fr\/halshs-01101904\/document\">Lire la suite sur HAL<\/a><\/p>\n<hr \/>\n<p class=\"title\">\u00ab\u00a0<strong>Visibilit\u00e9, attributs et d\u00e9ploiement identitaire, un aper\u00e7u de la sociologie de l\u2019identit\u00e9 sociale de Wayne Brekhus<\/strong>\u00ab\u00a0, contribution disponible\u00a0sur HAL:\u00a0<a href=\"https:\/\/halshs.archives-ouvertes.fr\/halshs-01101904\" target=\"_blank\">&lt;halshs-01101904&gt;<\/a><\/p>\n","protected":false},"excerpt":{"rendered":"<p>La lecture du livre du sociologue Wayne Brekhus (Peacocks, Chameleons &amp; Centaurs) m&rsquo;a r\u00e9solument invit\u00e9 \u00e0 tenir compte des dimensions non-marqu\u00e9es et non-visibles dans mes recherches. Cet ouvrage qui propose un mod\u00e8le d&rsquo;analyse de l&rsquo;identit\u00e9 sociale appr\u00e9hend\u00e9e dans ses dimensions expressives et performatives n&rsquo;a connu quasiment aucune r\u00e9ception dans la\u2026<\/p>\n<p class=\"continue-reading-button\"> <a class=\"continue-reading-link\" href=\"https:\/\/regis-schlagdenhauffen.eu\/?p=363\">Lire la suite&#8230;<i class=\"crycon-right-dir\"><\/i><\/a><\/p>\n","protected":false},"author":1,"featured_media":365,"comment_status":"open","ping_status":"open","sticky":false,"template":"","format":"standard","meta":[],"categories":[1],"tags":[21,260,261,262,264,109,263],"_links":{"self":[{"href":"https:\/\/regis-schlagdenhauffen.eu\/index.php?rest_route=\/wp\/v2\/posts\/363"}],"collection":[{"href":"https:\/\/regis-schlagdenhauffen.eu\/index.php?rest_route=\/wp\/v2\/posts"}],"about":[{"href":"https:\/\/regis-schlagdenhauffen.eu\/index.php?rest_route=\/wp\/v2\/types\/post"}],"author":[{"embeddable":true,"href":"https:\/\/regis-schlagdenhauffen.eu\/index.php?rest_route=\/wp\/v2\/users\/1"}],"replies":[{"embeddable":true,"href":"https:\/\/regis-schlagdenhauffen.eu\/index.php?rest_route=%2Fwp%2Fv2%2Fcomments&post=363"}],"version-history":[{"count":2,"href":"https:\/\/regis-schlagdenhauffen.eu\/index.php?rest_route=\/wp\/v2\/posts\/363\/revisions"}],"predecessor-version":[{"id":367,"href":"https:\/\/regis-schlagdenhauffen.eu\/index.php?rest_route=\/wp\/v2\/posts\/363\/revisions\/367"}],"wp:featuredmedia":[{"embeddable":true,"href":"https:\/\/regis-schlagdenhauffen.eu\/index.php?rest_route=\/wp\/v2\/media\/365"}],"wp:attachment":[{"href":"https:\/\/regis-schlagdenhauffen.eu\/index.php?rest_route=%2Fwp%2Fv2%2Fmedia&parent=363"}],"wp:term":[{"taxonomy":"category","embeddable":true,"href":"https:\/\/regis-schlagdenhauffen.eu\/index.php?rest_route=%2Fwp%2Fv2%2Fcategories&post=363"},{"taxonomy":"post_tag","embeddable":true,"href":"https:\/\/regis-schlagdenhauffen.eu\/index.php?rest_route=%2Fwp%2Fv2%2Ftags&post=363"}],"curies":[{"name":"wp","href":"https:\/\/api.w.org\/{rel}","templated":true}]}}