{"id":412,"date":"2017-11-03T12:13:49","date_gmt":"2017-11-03T11:13:49","guid":{"rendered":"http:\/\/regis-schlagdenhauffen.eu\/?p=412"},"modified":"2017-11-04T08:01:19","modified_gmt":"2017-11-04T07:01:19","slug":"la-cause-lgbt-dans-les-metiers-dordre-projet-homocop","status":"publish","type":"post","link":"https:\/\/regis-schlagdenhauffen.eu\/?p=412","title":{"rendered":"La cause LGBT dans les m\u00e9tiers d\u2019ordre &#8211; Projet HomoCop"},"content":{"rendered":"<p>L\u2019absence de travaux sur l\u2019articulation entre m\u00e9tiers d\u2019ordre et question LGBT interroge, tant le r\u00f4le de l\u2019institution polici\u00e8re appara\u00eet centrale pour comprendre l\u2019\u00e9volution de la place des personnes LGBT dans la soci\u00e9t\u00e9 fran\u00e7aise. Tout d\u2019abord parce que, en tant qu\u2019institution charg\u00e9e de la mise en \u0153uvre de la loi p\u00e9nale, l\u2019action polici\u00e8re refl\u00e8te en effet les \u00e9volutions du droit et, \u00e0 travers lui, les changements des m\u0153urs. Ensuite parce que les homosexuels ont longtemps fait partie de la client\u00e8le polici\u00e8re dite des \u00ab\u00a0ind\u00e9sirables\u00a0\u00bb, au m\u00eame titre que les prostitu\u00e9.e.s, les vagabonds et les \u00e9trangers, sur lesquels s\u2019abattait la coercition polici\u00e8re par le biais, de contr\u00f4les, rafles, fichage. \u00c0 partir de la d\u00e9p\u00e9nalisation de l\u2019homosexualit\u00e9 au d\u00e9but des ann\u00e9es 1980, l\u2019approche r\u00e9pressive de l\u2019homosexualit\u00e9 a progressivement laiss\u00e9 la place \u00e0 une reconnaissance des droits. Le projet \u00ab\u00a0<strong>HomoCop<\/strong>\u00a0\u00bb vise \u00e0 comprendre ce passage de la r\u00e9pression \u00e0 la reconnaissance \u00e0 travers les transformations des rapports de genres au sein de l\u2019institution polici\u00e8re.<\/p>\n<p>La police et la gendarmerie fran\u00e7aises sont traditionnellement hostiles \u00e0 toute forme de revendications professionnelles fond\u00e9es sur des identit\u00e9s genr\u00e9es, sexuelles et\/ou ethnoraciales. \u00c0 la diff\u00e9rence des pays anglo-saxons, les revendications professionnelles sont en France port\u00e9es par les seuls syndicats de police et se concentrent uniquement sur des dimensions corporatistes. Il existe cependant depuis 2001 une association professionnelle qui r\u00e9unit des policiers et des gendarmes LGBT de tous grades dont le mode d\u2019action semble aller \u00e0 l\u2019encontre des traditions en vigueur dans les professions polici\u00e8res. \u00ab\u00a0<strong>HomoCop<\/strong>\u00a0\u00bb cherche \u00e0 comprendre comment, en France, des policiers et polici\u00e8res se sont mobilis\u00e9s afin de rendre visible les discriminations qu\u2019ils et elles subissent et\/ou celles du public LGBT et, plus largement, cherche \u00e0 analyser les rapports de pouvoir internes \u00e0 l\u2019institution polici\u00e8re.<\/p>\n<p>\u00c0 partir d\u2019entretiens qualitatifs avec des policiers et polici\u00e8res, nous (J\u00e9r\u00e9mie Gauthier &amp; R\u00e9gis Schlagdenhauffen) travaillons sur la mani\u00e8re dont les trajectoires professionnelles sont affect\u00e9es par les sexualit\u00e9s LGBT. Cette dimension constitue bien souvent un enjeu de premier plan dans des professions o\u00f9 le rapport \u00e0 la force physique et au corps sont centraux et o\u00f9 se m\u00ealent parfois vie priv\u00e9e et vie professionnelle. \u00c0 titre d\u2019exemple, le droit \u00e0 des couples homosexuels de vivre ensemble dans les casernes de gendarmerie traduit des transformations juridiques, morales et culturelles de l\u2019institution gendarmique. En analysant ainsi les rapports de pouvoir internes \u00e0 l\u2019institution polici\u00e8re et en objectivant les clivages produits autour des questions de genres et de sexualit\u00e9s, la recherche permet de comprendre quelles sont les conditions d\u2019\u00e9mergence de la question LGBT dans l\u2019espace professionnel policier fran\u00e7ais.<\/p>\n<p>La m\u00e9thodologie employ\u00e9e est mixte\u00a0:<\/p>\n<ul>\n<li>D\u00e9pouillement et analyse d\u2019archives,<\/li>\n<li>Synth\u00e8se statistique des crimes et d\u00e9lits homophobes trait\u00e9s par la police et la gendarmerie<\/li>\n<li>R\u00e9alisation d\u2019entretiens approfondis et d\u2019observations.<\/li>\n<\/ul>\n<p>La recherche se d\u00e9ploie dans trois axes :<\/p>\n<ul>\n<li>Axe 1\u00a0: Le rapport de l\u2019institution face aux personnes LGBT<\/li>\n<li>Axe 2\u00a0: Trajectoires et positions minoritaires des policier.es LGBT<\/li>\n<li>Axe 3\u00a0: Mobilisations professionnelles des policier.es LGBT<\/li>\n<\/ul>\n<p><strong>Plus d&rsquo;infos sur le projet HomoCop sur le site de l&rsquo;Iris-EHESS<\/strong> &gt;&gt; <a href=\"http:\/\/iris.ehess.fr\/index.php?3737\">http:\/\/iris.ehess.fr\/index.php?3737<\/a><\/p>\n<p><img decoding=\"async\" loading=\"lazy\" class=\"alignnone size-medium wp-image-414\" src=\"https:\/\/regis-schlagdenhauffen.eu\/wp-content\/uploads\/2017\/10\/Ck1R_GbXAAArbWv-300x300.jpg\" alt=\"\" width=\"300\" height=\"300\" srcset=\"https:\/\/regis-schlagdenhauffen.eu\/wp-content\/uploads\/2017\/10\/Ck1R_GbXAAArbWv-300x300.jpg 300w, https:\/\/regis-schlagdenhauffen.eu\/wp-content\/uploads\/2017\/10\/Ck1R_GbXAAArbWv-150x150.jpg 150w, https:\/\/regis-schlagdenhauffen.eu\/wp-content\/uploads\/2017\/10\/Ck1R_GbXAAArbWv-768x768.jpg 768w, https:\/\/regis-schlagdenhauffen.eu\/wp-content\/uploads\/2017\/10\/Ck1R_GbXAAArbWv.jpg 1024w\" sizes=\"(max-width: 300px) 100vw, 300px\" \/> <img decoding=\"async\" loading=\"lazy\" class=\"alignnone size-medium wp-image-415\" src=\"https:\/\/regis-schlagdenhauffen.eu\/wp-content\/uploads\/2017\/10\/homocop-194x300.gif\" alt=\"\" width=\"194\" height=\"300\" srcset=\"https:\/\/regis-schlagdenhauffen.eu\/wp-content\/uploads\/2017\/10\/homocop-194x300.gif 194w, https:\/\/regis-schlagdenhauffen.eu\/wp-content\/uploads\/2017\/10\/homocop-97x150.gif 97w\" sizes=\"(max-width: 194px) 100vw, 194px\" \/> <img decoding=\"async\" loading=\"lazy\" class=\"alignnone size-medium wp-image-416\" src=\"https:\/\/regis-schlagdenhauffen.eu\/wp-content\/uploads\/2017\/10\/Screen_shot_2010-10-28_at_10.09.51_AM-300x256.png\" alt=\"\" width=\"300\" height=\"256\" srcset=\"https:\/\/regis-schlagdenhauffen.eu\/wp-content\/uploads\/2017\/10\/Screen_shot_2010-10-28_at_10.09.51_AM-300x256.png 300w, https:\/\/regis-schlagdenhauffen.eu\/wp-content\/uploads\/2017\/10\/Screen_shot_2010-10-28_at_10.09.51_AM-150x128.png 150w, https:\/\/regis-schlagdenhauffen.eu\/wp-content\/uploads\/2017\/10\/Screen_shot_2010-10-28_at_10.09.51_AM.png 498w\" sizes=\"(max-width: 300px) 100vw, 300px\" \/><img decoding=\"async\" loading=\"lazy\" class=\"alignnone size-full wp-image-413\" src=\"https:\/\/regis-schlagdenhauffen.eu\/wp-content\/uploads\/2017\/10\/images.jpg\" alt=\"\" width=\"205\" height=\"152\" srcset=\"https:\/\/regis-schlagdenhauffen.eu\/wp-content\/uploads\/2017\/10\/images.jpg 205w, https:\/\/regis-schlagdenhauffen.eu\/wp-content\/uploads\/2017\/10\/images-150x111.jpg 150w\" sizes=\"(max-width: 205px) 100vw, 205px\" \/><\/p>\n<p><img decoding=\"async\" loading=\"lazy\" class=\"alignnone size-medium wp-image-417\" src=\"https:\/\/regis-schlagdenhauffen.eu\/wp-content\/uploads\/2017\/10\/homocop-202x300.jpg\" alt=\"\" width=\"202\" height=\"300\" srcset=\"https:\/\/regis-schlagdenhauffen.eu\/wp-content\/uploads\/2017\/10\/homocop-202x300.jpg 202w, https:\/\/regis-schlagdenhauffen.eu\/wp-content\/uploads\/2017\/10\/homocop-101x150.jpg 101w, https:\/\/regis-schlagdenhauffen.eu\/wp-content\/uploads\/2017\/10\/homocop.jpg 607w\" sizes=\"(max-width: 202px) 100vw, 202px\" \/><\/p>\n<p>&nbsp;<\/p>\n","protected":false},"excerpt":{"rendered":"<p>L\u2019absence de travaux sur l\u2019articulation entre m\u00e9tiers d\u2019ordre et question LGBT interroge, tant le r\u00f4le de l\u2019institution polici\u00e8re appara\u00eet centrale pour comprendre l\u2019\u00e9volution de la place des personnes LGBT dans la soci\u00e9t\u00e9 fran\u00e7aise. Tout d\u2019abord parce que, en tant qu\u2019institution charg\u00e9e de la mise en \u0153uvre de la loi p\u00e9nale,\u2026<\/p>\n<p class=\"continue-reading-button\"> <a class=\"continue-reading-link\" href=\"https:\/\/regis-schlagdenhauffen.eu\/?p=412\">Lire la suite&#8230;<i class=\"crycon-right-dir\"><\/i><\/a><\/p>\n","protected":false},"author":1,"featured_media":416,"comment_status":"open","ping_status":"open","sticky":false,"template":"","format":"standard","meta":[],"categories":[40,308],"tags":[314,310,110,311,309,312,76,136,37,313,109],"_links":{"self":[{"href":"https:\/\/regis-schlagdenhauffen.eu\/index.php?rest_route=\/wp\/v2\/posts\/412"}],"collection":[{"href":"https:\/\/regis-schlagdenhauffen.eu\/index.php?rest_route=\/wp\/v2\/posts"}],"about":[{"href":"https:\/\/regis-schlagdenhauffen.eu\/index.php?rest_route=\/wp\/v2\/types\/post"}],"author":[{"embeddable":true,"href":"https:\/\/regis-schlagdenhauffen.eu\/index.php?rest_route=\/wp\/v2\/users\/1"}],"replies":[{"embeddable":true,"href":"https:\/\/regis-schlagdenhauffen.eu\/index.php?rest_route=%2Fwp%2Fv2%2Fcomments&post=412"}],"version-history":[{"count":1,"href":"https:\/\/regis-schlagdenhauffen.eu\/index.php?rest_route=\/wp\/v2\/posts\/412\/revisions"}],"predecessor-version":[{"id":418,"href":"https:\/\/regis-schlagdenhauffen.eu\/index.php?rest_route=\/wp\/v2\/posts\/412\/revisions\/418"}],"wp:featuredmedia":[{"embeddable":true,"href":"https:\/\/regis-schlagdenhauffen.eu\/index.php?rest_route=\/wp\/v2\/media\/416"}],"wp:attachment":[{"href":"https:\/\/regis-schlagdenhauffen.eu\/index.php?rest_route=%2Fwp%2Fv2%2Fmedia&parent=412"}],"wp:term":[{"taxonomy":"category","embeddable":true,"href":"https:\/\/regis-schlagdenhauffen.eu\/index.php?rest_route=%2Fwp%2Fv2%2Fcategories&post=412"},{"taxonomy":"post_tag","embeddable":true,"href":"https:\/\/regis-schlagdenhauffen.eu\/index.php?rest_route=%2Fwp%2Fv2%2Ftags&post=412"}],"curies":[{"name":"wp","href":"https:\/\/api.w.org\/{rel}","templated":true}]}}