{"id":450,"date":"2017-10-06T10:25:35","date_gmt":"2017-10-06T09:25:35","guid":{"rendered":"http:\/\/regis-schlagdenhauffen.eu\/?p=450"},"modified":"2017-11-06T10:38:21","modified_gmt":"2017-11-06T09:38:21","slug":"die-erinnerung-an-die-nationalsozialistischen-konzentrationslager","status":"publish","type":"post","link":"https:\/\/regis-schlagdenhauffen.eu\/?p=450","title":{"rendered":"Die Erinnerung an die nationalsozialistischen Konzentrationslager"},"content":{"rendered":"<p>Der Sammelband, hervorgegangen aus dem 14. Workshop zur Geschichte der Konzentrationslager, befasst sich mit der Herausbildung, Ver\u00e4nderung und Repr\u00e4sentation von Erinnerungen an die nationalsozialistischen Konzentrationslager. Vier thematische Bl\u00f6cke stellen Arbeiten zu nationalen und transnationalen Erinnerungen an die Lager, vergessenen Opfergruppen, Erinnerungen von T\u00e4tern und KZ-Gedenkst\u00e4tten als Erinnerungsorten vor. Die Untersuchungen sind zum Teil komparativ angelegt und weiten den Blick auf die europ\u00e4ische Dimension der Erinnerung.<\/p>\n<div class=\"page\" title=\"Page 1\">\n<div class=\"layoutArea\">\n<div class=\"column\">\n<h3><em><span style=\"color: #000000;\">Table of Contents<\/span><\/em><\/h3>\n<p>Andreas Ehresmann \u00b7 Philipp Neumann Alexander Prenninger \u00b7 R\u00e9gis Schlagdenhauffen,\u00a0Einleitung &#8230;&#8230;&#8230; 7<\/p>\n<p><strong>1. Nationale und transnationale Erinnerungen an die Lager<\/strong><\/p>\n<p>Piotr Filipkowski,\u00a0Polnische Lagernarrative in Zeit und Kontext &#8230;.. 23<\/p>\n<p>Paola Bertilotti,\u00a0Gedenken an die \u201eDeportation\u201c im Italien der Nachkriegszeit (1945\u20131965). Erinnerungsarbeit, Erinnerungspolitik und Opferkonkurrenz &#8230;&#8230;&#8230;&#8230;&#8230;&#8230;&#8230;&#8230;. 44<\/p>\n<p>Jesper Vesterb\u00e6ck,\u00a0Die Erinnerung an die Lager in D\u00e4nemark &#8230;&#8230;&#8230;&#8230;&#8230;. 67<\/p>\n<p>Susan Hogervorst,\u00a0Weiblichkeit und Widerstand. Transnationale und nationale Erinnerungskulturen zu Ravensbr\u00fcck &#8230;&#8230;&#8230;&#8230; 77<\/p>\n<p><strong>2. Vergessene Opfergruppen<\/strong><\/p>\n<p>Kim W\u00fcnschmann,\u00a0\u201eNat\u00fcrlich wei\u00df ich, wer mich ins KZ gebracht hat und warum &#8230;\u201c\u00a0Die Inhaftierungierung von Juden im Konzentrationslager Osthofen\u00a01933\/34 &#8230;&#8230;&#8230;&#8230;&#8230;&#8230;&#8230;.. 97<\/p>\n<p>Rosa Fava,\u00a0Schwarze im KZ: Wie die Erinnerungsl\u00fccke f\u00fcllen? &#8230;&#8230;&#8230;&#8230;&#8230;. 112<\/p>\n<\/div>\n<\/div>\n<\/div>\n<div class=\"page\" title=\"Page 2\">\n<div class=\"layoutArea\">\n<div class=\"column\">\n<p><strong>3. Erinnerungen von T\u00e4terinnen und T\u00e4tern<\/strong><\/p>\n<p>Karsten Wilke,\u00a0Das Bild- und Zeitged\u00e4chtnis der organisierten Veteranen\u00a0der Waffen-SS. Die Wandkalender der Hilfsgemeinschaft\u00a0auf Gegenseitigkeit (HIAG) &#8230;&#8230;&#8230;&#8230;&#8230;&#8230;&#8230;&#8230; 135<\/p>\n<p>Jeanette Toussaint,\u00a0Die halbe Wahrheit. Das Verschweigen von Auschwitz und\u00a0Majdanek in Lebensl\u00e4ufen ehemaliger SS-Aufseherinnen &#8230;&#8230;&#8230; 149<\/p>\n<p><strong>4. KZ-Gedenkst\u00e4tten als Erinnerungsorte<\/strong><\/p>\n<p>Malte Thiessen,\u00a0Das Konzentrationslager im Ged\u00e4chtnis der Stadt.\u00a0Gedenken an die \u201eBefreiung\u201c Neuengammes &#8230;&#8230;&#8230;&#8230;&#8230;&#8230;&#8230;.. 171<\/p>\n<p>Christine Eckel,\u00a0\u201eT\u00e4terausstellungen\u201c. Vergleichsaspekte der Ausstellungen\u00a0in den KZ-Gedenkst\u00e4tten Neuengamme und Ravensbr\u00fcck &#8230;&#8230;.. 190<\/p>\n<p>Cornelia Geissler,\u00a0Zur aktuellen Repr\u00e4sentation des Nationalsozialismus an Orten\u00a0des Gedenkens. \u00dcberlegungen zu M\u00f6glichkeiten und Grenzen subjektorientierter Zug\u00e4nge in der Ausstellungsdidaktik &#8230;&#8230;&#8230;&#8230;&#8230;&#8230;. 204<\/p>\n<p>Diane Gilly,\u00a0Die ehemaligen und die aktuellen Ausstellungen in der\u00a0Gedenkst\u00e4tte Natzweiler. Von der Erinnerung durch die H\u00e4ftlinge<br \/>\nzur Erinnerung an die H\u00e4ftlinge &#8230;&#8230;&#8230;&#8230;&#8230;&#8230;&#8230;&#8230;&#8230;&#8230;.. 221<\/p>\n<p>Andreas Ehresmann \u00b7 Philipp Neumann Alexander Prenninger \u00b7 R\u00e9gis Schlagdenhauffen,\u00a0Die Gedenkst\u00e4tten Neuengamme und Bergen-Belsen &#8230;&#8230;&#8230;&#8230;&#8230;&#8230;.. 238<\/p>\n<p>Abk\u00fcrzungsverzeichnis &#8230;&#8230;&#8230;&#8230; 250<\/p>\n<p>Die Autorinnen und Autoren &#8230;&#8230;&#8230;&#8230;&#8230;&#8230;&#8230;.. 253<\/p>\n<div id=\"attachment_451\" style=\"width: 208px\" class=\"wp-caption alignleft\"><img aria-describedby=\"caption-attachment-451\" decoding=\"async\" loading=\"lazy\" class=\"size-medium wp-image-451\" src=\"https:\/\/regis-schlagdenhauffen.eu\/wp-content\/uploads\/2017\/11\/Erinnerung-198x300.jpg\" alt=\"\" width=\"198\" height=\"300\" srcset=\"https:\/\/regis-schlagdenhauffen.eu\/wp-content\/uploads\/2017\/11\/Erinnerung-198x300.jpg 198w, https:\/\/regis-schlagdenhauffen.eu\/wp-content\/uploads\/2017\/11\/Erinnerung-99x150.jpg 99w, https:\/\/regis-schlagdenhauffen.eu\/wp-content\/uploads\/2017\/11\/Erinnerung.jpg 330w\" sizes=\"(max-width: 198px) 100vw, 198px\" \/><p id=\"caption-attachment-451\" class=\"wp-caption-text\">Erinnerung &#8211; Buch<\/p><\/div>\n<ul>\n<li><strong>Link to the book<\/strong> &gt;&gt;\u00a0http:\/\/metropol-verlag.de\/produkt\/andreas-ehresmannphilipp-neumannalexander-prenninger-hrsg-die-erinnerung-an-die-nationalsozialistischen-konzentrationslager\/<\/li>\n<\/ul>\n<\/div>\n<\/div>\n<\/div>\n","protected":false},"excerpt":{"rendered":"<p>Der Sammelband, hervorgegangen aus dem 14. Workshop zur Geschichte der Konzentrationslager, befasst sich mit der Herausbildung, Ver\u00e4nderung und Repr\u00e4sentation von Erinnerungen an die nationalsozialistischen Konzentrationslager. Vier thematische Bl\u00f6cke stellen Arbeiten zu nationalen und transnationalen Erinnerungen an die Lager, vergessenen Opfergruppen, Erinnerungen von T\u00e4tern und KZ-Gedenkst\u00e4tten als Erinnerungsorten vor. Die Untersuchungen\u2026<\/p>\n<p class=\"continue-reading-button\"> <a class=\"continue-reading-link\" href=\"https:\/\/regis-schlagdenhauffen.eu\/?p=450\">Lire la suite&#8230;<i class=\"crycon-right-dir\"><\/i><\/a><\/p>\n","protected":false},"author":1,"featured_media":451,"comment_status":"open","ping_status":"open","sticky":false,"template":"","format":"standard","meta":[],"categories":[3],"tags":[338,337,336,248,339],"_links":{"self":[{"href":"https:\/\/regis-schlagdenhauffen.eu\/index.php?rest_route=\/wp\/v2\/posts\/450"}],"collection":[{"href":"https:\/\/regis-schlagdenhauffen.eu\/index.php?rest_route=\/wp\/v2\/posts"}],"about":[{"href":"https:\/\/regis-schlagdenhauffen.eu\/index.php?rest_route=\/wp\/v2\/types\/post"}],"author":[{"embeddable":true,"href":"https:\/\/regis-schlagdenhauffen.eu\/index.php?rest_route=\/wp\/v2\/users\/1"}],"replies":[{"embeddable":true,"href":"https:\/\/regis-schlagdenhauffen.eu\/index.php?rest_route=%2Fwp%2Fv2%2Fcomments&post=450"}],"version-history":[{"count":3,"href":"https:\/\/regis-schlagdenhauffen.eu\/index.php?rest_route=\/wp\/v2\/posts\/450\/revisions"}],"predecessor-version":[{"id":454,"href":"https:\/\/regis-schlagdenhauffen.eu\/index.php?rest_route=\/wp\/v2\/posts\/450\/revisions\/454"}],"wp:featuredmedia":[{"embeddable":true,"href":"https:\/\/regis-schlagdenhauffen.eu\/index.php?rest_route=\/wp\/v2\/media\/451"}],"wp:attachment":[{"href":"https:\/\/regis-schlagdenhauffen.eu\/index.php?rest_route=%2Fwp%2Fv2%2Fmedia&parent=450"}],"wp:term":[{"taxonomy":"category","embeddable":true,"href":"https:\/\/regis-schlagdenhauffen.eu\/index.php?rest_route=%2Fwp%2Fv2%2Fcategories&post=450"},{"taxonomy":"post_tag","embeddable":true,"href":"https:\/\/regis-schlagdenhauffen.eu\/index.php?rest_route=%2Fwp%2Fv2%2Ftags&post=450"}],"curies":[{"name":"wp","href":"https:\/\/api.w.org\/{rel}","templated":true}]}}