{"id":587,"date":"2018-05-10T20:31:43","date_gmt":"2018-05-10T19:31:43","guid":{"rendered":"http:\/\/regis-schlagdenhauffen.eu\/?p=587"},"modified":"2018-05-10T20:35:14","modified_gmt":"2018-05-10T19:35:14","slug":"la-fabrique-des-bad-boys","status":"publish","type":"post","link":"https:\/\/regis-schlagdenhauffen.eu\/?p=587","title":{"rendered":"La fabrique des bad boys"},"content":{"rendered":"<h2 class=\"article-header__chapo\">&#8211; Comment les\u00a0mecs sont devenus un sujet d\u2019\u00e9tudes pour les\u00a0universitaires ?<\/h2>\n<p>\u00ab\u00a0Et si c\u2019\u00e9tait l\u2019heure de la gueule de bois pour les fraternit\u00e9s am\u00e9ricaines, ces confr\u00e9ries \u00e9tudiantes aux noms de lettres grecques qui font r\u00e9guli\u00e8rement la une des journaux pour des affaires de viols et d\u2019homicides?<\/p>\n<p>En janvier, la branche de Pennsylvanie de la fraternit\u00e9 <a href=\"https:\/\/en.wikipedia.org\/wiki\/Pi_Delta_Psi\" target=\"_blank\" rel=\"noopener\">Pi Delta Psi<\/a> a \u00e9t\u00e9 reconnue coupable d\u2019homicide involontaire apr\u00e8s la mort d\u2019un \u00e9tudiant pendant un bizutage en 2013, et interdite de toute activit\u00e9 pour dix ans.<\/p>\n<h3>Univers galvanis\u00e9 par la testost\u00e9rone<\/h3>\n<p>\u00c0 ce jugement d\u2019une s\u00e9v\u00e9rit\u00e9 sans pr\u00e9c\u00e9dent viennent s\u2019ajouter, un peu partout dans le pays, des mesures pour limiter les d\u00e9bordements des <em>frats<\/em>&#8230; <em>Lire la suite de l&rsquo;article<\/em> &gt;&gt;\u00a0<strong><a href=\"http:\/\/www.slate.fr\/story\/160807\/recherche-universitaire-virilite-masculinites-domination-masculine\/\">http:\/\/www.slate.fr\/story\/160807\/recherche-universitaire-virilite-masculinites-domination-masculine\/<\/a><\/strong><\/p>\n<p>&nbsp;<\/p>\n<p><img decoding=\"async\" loading=\"lazy\" class=\"alignnone wp-image-588\" src=\"https:\/\/regis-schlagdenhauffen.eu\/wp-content\/uploads\/2018\/05\/Capture-d\u2019\u00e9cran-2018-05-10-\u00e0-21.26.10-300x147.png\" alt=\"\" width=\"484\" height=\"237\" srcset=\"https:\/\/regis-schlagdenhauffen.eu\/wp-content\/uploads\/2018\/05\/Capture-d\u2019\u00e9cran-2018-05-10-\u00e0-21.26.10-300x147.png 300w, https:\/\/regis-schlagdenhauffen.eu\/wp-content\/uploads\/2018\/05\/Capture-d\u2019\u00e9cran-2018-05-10-\u00e0-21.26.10-768x377.png 768w, https:\/\/regis-schlagdenhauffen.eu\/wp-content\/uploads\/2018\/05\/Capture-d\u2019\u00e9cran-2018-05-10-\u00e0-21.26.10-1024x503.png 1024w, https:\/\/regis-schlagdenhauffen.eu\/wp-content\/uploads\/2018\/05\/Capture-d\u2019\u00e9cran-2018-05-10-\u00e0-21.26.10-150x74.png 150w, https:\/\/regis-schlagdenhauffen.eu\/wp-content\/uploads\/2018\/05\/Capture-d\u2019\u00e9cran-2018-05-10-\u00e0-21.26.10.png 1042w\" sizes=\"(max-width: 484px) 100vw, 484px\" \/><\/p>\n<p>&nbsp;<\/p>\n<p>via @slatefr\u00a0\u00bb (2018).<\/p>\n<p><a href=\"http:\/\/www.slate.fr\/source\/102165\/hugo-lindenberg\">Hugo Lindenberg<\/a> R\u00e9dacteur en chef adjoint chez Stylist<\/p>\n","protected":false},"excerpt":{"rendered":"<p>&#8211; Comment les\u00a0mecs sont devenus un sujet d\u2019\u00e9tudes pour les\u00a0universitaires ? \u00ab\u00a0Et si c\u2019\u00e9tait l\u2019heure de la gueule de bois pour les fraternit\u00e9s am\u00e9ricaines, ces confr\u00e9ries \u00e9tudiantes aux noms de lettres grecques qui font r\u00e9guli\u00e8rement la une des journaux pour des affaires de viols et d\u2019homicides? En janvier, la branche\u2026<\/p>\n<p class=\"continue-reading-button\"> <a class=\"continue-reading-link\" href=\"https:\/\/regis-schlagdenhauffen.eu\/?p=587\">Lire la suite&#8230;<i class=\"crycon-right-dir\"><\/i><\/a><\/p>\n","protected":false},"author":1,"featured_media":588,"comment_status":"open","ping_status":"open","sticky":false,"template":"","format":"standard","meta":[],"categories":[39],"tags":[99,419,68,420],"_links":{"self":[{"href":"https:\/\/regis-schlagdenhauffen.eu\/index.php?rest_route=\/wp\/v2\/posts\/587"}],"collection":[{"href":"https:\/\/regis-schlagdenhauffen.eu\/index.php?rest_route=\/wp\/v2\/posts"}],"about":[{"href":"https:\/\/regis-schlagdenhauffen.eu\/index.php?rest_route=\/wp\/v2\/types\/post"}],"author":[{"embeddable":true,"href":"https:\/\/regis-schlagdenhauffen.eu\/index.php?rest_route=\/wp\/v2\/users\/1"}],"replies":[{"embeddable":true,"href":"https:\/\/regis-schlagdenhauffen.eu\/index.php?rest_route=%2Fwp%2Fv2%2Fcomments&post=587"}],"version-history":[{"count":6,"href":"https:\/\/regis-schlagdenhauffen.eu\/index.php?rest_route=\/wp\/v2\/posts\/587\/revisions"}],"predecessor-version":[{"id":594,"href":"https:\/\/regis-schlagdenhauffen.eu\/index.php?rest_route=\/wp\/v2\/posts\/587\/revisions\/594"}],"wp:featuredmedia":[{"embeddable":true,"href":"https:\/\/regis-schlagdenhauffen.eu\/index.php?rest_route=\/wp\/v2\/media\/588"}],"wp:attachment":[{"href":"https:\/\/regis-schlagdenhauffen.eu\/index.php?rest_route=%2Fwp%2Fv2%2Fmedia&parent=587"}],"wp:term":[{"taxonomy":"category","embeddable":true,"href":"https:\/\/regis-schlagdenhauffen.eu\/index.php?rest_route=%2Fwp%2Fv2%2Fcategories&post=587"},{"taxonomy":"post_tag","embeddable":true,"href":"https:\/\/regis-schlagdenhauffen.eu\/index.php?rest_route=%2Fwp%2Fv2%2Ftags&post=587"}],"curies":[{"name":"wp","href":"https:\/\/api.w.org\/{rel}","templated":true}]}}