{"id":596,"date":"2018-06-04T11:58:34","date_gmt":"2018-06-04T10:58:34","guid":{"rendered":"http:\/\/regis-schlagdenhauffen.eu\/?p=596"},"modified":"2018-06-04T12:07:37","modified_gmt":"2018-06-04T11:07:37","slug":"recrutement-d1-post-doc-genre-europe","status":"publish","type":"post","link":"https:\/\/regis-schlagdenhauffen.eu\/?p=596","title":{"rendered":"Recrutement d&rsquo;1 post-doc Genre &#038; Europe"},"content":{"rendered":"<p><strong>Dans le cadre du LabEx \u00ab \u00c9crire une histoire nouvelle de l\u2019Europe \u00bb (EHNE), l\u2019UMR-Sirice (Sorbonne-Identit\u00e9s, relations internationales et\u00a0 civilisations de l\u2019Europe) recrute un-e post-doctorant-e qui sera charg\u00e9-e de l\u2019animation de l\u2019axe 6 intitul\u00e9 \u00ab\u00a0Genre &amp; Europe\u00a0\u00bb.<\/strong><\/p>\n<h4><span style=\"color: #333399;\"><strong>Description du poste<\/strong><\/span><\/h4>\n<p>Le ou la post-doctorant.e sera charg\u00e9.e de l\u2019animation de l\u2019axe 6 du projet. Ses <strong>fonctions principales <\/strong>seront :<\/p>\n<p>\u2014 Assurer un suivi scientifique et une coordination administrative des travaux de l\u2019axe 6 du LabEx EHNE en lien avec les activit\u00e9s g\u00e9n\u00e9rales du LabEx EHNE.<\/p>\n<p>\u2014 Participer aux r\u00e9unions de travail avec les autres post-doctorant.e.s pour coordonner les travaux du LabEx EHNE<\/p>\n<p>\u2014 Participer notamment \u00e0 l\u2019organisation des manifestations scientifiques et au comit\u00e9 de pilotage de l\u2019axe 6 ainsi qu\u2019aux diff\u00e9rentes publications dans lesquelles l\u2019axe est impliqu\u00e9.<\/p>\n<p>\u2014 Assurer le suivi des groupes de travail, la diffusion des activit\u00e9s et la coordination de la participation de l\u2019axe\u00a06 \u00e0 la r\u00e9alisation de l\u2019encyclop\u00e9die en ligne du LabEx EHNE et des diff\u00e9rents projets de valorisation.<\/p>\n<p>\u2014 S\u2019impliquer dans le travail scientifique de l\u2019axe 6.<\/p>\n<p><strong>Conditions de r\u00e9sidence et d\u2019exercice<\/strong><\/p>\n<p>\u2014 Il\/elle devra imp\u00e9rativement r\u00e9sider \u00e0 Paris ou dans sa r\u00e9gion pour animer les travaux de l\u2019axe et s\u2019y consacrer \u00e0 temps plein. Un bureau partag\u00e9 dans les locaux de l\u2019Universit\u00e9 sera mis \u00e0 sa disposition.<\/p>\n<p>\u2013 Possibilit\u00e9 de d\u00e9placements \u00e0 l\u2019\u00e9tranger et en r\u00e9gion.<\/p>\n<p><strong>Comp\u00e9tences requises<\/strong><\/p>\n<p>\u2014 Bonne ma\u00eetrise du fran\u00e7ais et de l\u2019anglais (avec capacit\u00e9s r\u00e9dactionnelles). Connaissance d\u2019une troisi\u00e8me langue souhait\u00e9e.<\/p>\n<p>\u2014 Esprit d\u2019initiative et capacit\u00e9 \u00e0 s\u2019int\u00e9grer dans un programme collectif.<\/p>\n<p>\u2014 Rigueur, autonomie et capacit\u00e9s d\u2019organisation.<\/p>\n<p>\u2014 Capacit\u00e9 de coordination des travaux d\u2019une \u00e9quipe.<\/p>\n<p>\u2014 Ma\u00eetrise des outils informatiques (WORD, EXCEL, Dropbox, Googledrive, Googlesite, Carnet de recherche hypoth\u00e8ses\u2026)<\/p>\n<p><strong>\u00a0Qualifications requises<\/strong><\/p>\n<p>\u2014 Doctorat en histoire contemporaine (ou moderne) en rapport avec la th\u00e9matique de l\u2019axe 6 du LabEx EHNE.<\/p>\n<p>\u2014 Avoir soutenu sa th\u00e8se depuis moins de 5\u00a0ans.<\/p>\n<p><strong>Dossier de candidature<\/strong><\/p>\n<p>\u2014 CV avec la liste des publications<\/p>\n<p>\u2014 Lettre de motivation<\/p>\n<p>\u2014 Rapport de soutenance de th\u00e8se<\/p>\n<h4><span style=\"color: #333399;\"><strong>Pr\u00e9sentation du projet<\/strong><\/span><\/h4>\n<p>Le Labex EHNE, financ\u00e9 dans la 2<sup>e<\/sup> vague des Investissements d\u2019Avenir, a pour objectif principal d\u2019\u00e9clairer la crise que conna\u00eet actuellement l\u2019Europe en reconstruisant une historiographie nouvelle de l\u2019Europe qui s\u2019adresse tout autant au monde scientifique qu\u2019au monde enseignant, aux citoyens et aux politiques.<\/p>\n<p>Le projet r\u00e9unit sept laboratoires partenaires issus de quatre \u00e9tablissements (Sorbonne Universit\u00e9, Paris 1 Panth\u00e9on-Sorbonne, Nantes, \u00c9cole des Chartes).<\/p>\n<p>Sept axes de recherches ont \u00e9t\u00e9 d\u00e9finis pour atteindre cet objectif.<\/p>\n<ul>\n<li>L\u2019Europe comme produit de la civilisation mat\u00e9rielle<\/li>\n<li>L\u2019Europe dans une \u00e9pist\u00e9mologie du politique<\/li>\n<li>L\u2019humanisme europ\u00e9en<\/li>\n<li>L\u2019Europe, les Europ\u00e9ens et le monde<\/li>\n<li>L\u2019Europe des guerres et des traces de guerre<\/li>\n<li>Genre et Europe<\/li>\n<li>L\u2019art en Europe<\/li>\n<\/ul>\n<p>L\u2019objectif est de parvenir \u00e0 la r\u00e9alisation de nouveaux outils en histoire europ\u00e9enne :<\/p>\n<ul>\n<li>Une encyclop\u00e9die analytique en ligne et la mise en ligne de documents. www.ehne.fr<\/li>\n<li>14 ouvrages, 2 par axes, dont l\u2019un \u00e0 mi-parcours chez Nouveau Monde.<\/li>\n<li>Une synth\u00e8se finale sous forme d\u2019ouvrage collectif.<\/li>\n<li>Ateliers, journ\u00e9es d\u2019\u00e9tude et colloques pour pr\u00e9parer ces publications.<\/li>\n<\/ul>\n<p><strong>L\u2019axe 6 \u00ab Genre &amp; Europe \u00bb :<\/strong><\/p>\n<p>L\u2019axe 6 du LabEx se propose de montrer que le genre a fort \u00e0 faire avec l\u2019Europe. Que l\u2019on consid\u00e8re l\u2019Europe comme espace imagin\u00e9 ou politique, comme march\u00e9 ou aire culturelle, les rapports entre les sexes sont constitutifs de la d\u00e9finition de cet espace comme des divisions en son sein.\u00a0L\u2019axe Genre &amp; Europe veut d\u00e9velopper ces questions autour de deux volets :<\/p>\n<ul>\n<li><strong>1) Penser et construire l\u2019Europe, effets de genre : prise en compte de la diff\u00e9rence des sexes dans les projets politiques et soci\u00e9taux europ\u00e9ens<\/strong><\/li>\n<\/ul>\n<p>\u2013 Le genre des guerres europ\u00e9ennes<\/p>\n<p>\u2013 Imaginer et \/ou construire un espace europ\u00e9en de paix : quelle attention au genre ?<\/p>\n<p>\u2013 Ce que les femmes ont fait \u00e0 l\u2019Europe : utopies et \u00e9mergence d\u2019une id\u00e9e europ\u00e9enne, mouvements europ\u00e9istes, r\u00e9seaux \u00e0 l\u2019\u00e9chelle du continent, groupes de pression<\/p>\n<p>\u2013 Ce que l\u2019Europe a fait aux rapports entre les sexes : imposition de normes de genres, politiques \u00e9galitaires, r\u00f4le de la Cour de Justice europ\u00e9enne<\/p>\n<p>\u2013 L\u2019Union europ\u00e9enne : une institution genr\u00e9e ?<\/p>\n<ul>\n<li><strong>2) \u00catre Europ\u00e9en.ne.s et vivre l\u2019Europe<\/strong><\/li>\n<\/ul>\n<p>\u2013 Identit\u00e9s de genre : sexualit\u00e9s, configurations familiales, violences sexu\u00e9es<\/p>\n<p>\u2013 Comportements d\u00e9mographiques et politiques du corps<\/p>\n<p>\u2013 Femmes et hommes au travail : configurations europ\u00e9ennes<\/p>\n<p>\u2013 Les dimensions genr\u00e9es de la participation politique, du sujet au\/\u00e0 la citoyen.ne : diversit\u00e9 des formes d\u2019intervention politique, acc\u00e8s au droit de vote et \u00e0 la repr\u00e9sentation politique, engagement militant, exercice du pouvoir\u2026<\/p>\n<p>\u2013 Les mobilit\u00e9s lues au prisme du genre : voyages, migrations et exils politiques<\/p>\n<h4><\/h4>\n<ul>\n<li>\n<h4><strong><span style=\"color: #333399;\">Modalit\u00e9s de candidatures<\/span><\/strong><\/h4>\n<\/li>\n<\/ul>\n<p><span style=\"color: #ff0000;\"><strong>Date limite de candidature : le mercredi 13 juin 2018<\/strong><\/span><\/p>\n<p><strong>Renseignements et candidatures (\u00e0 envoyer au format PDF \u00e0) :<\/strong> <strong>genreeurope@gmail.com<\/strong><\/p>\n<p><strong>Objet : candidature-postdoc-Axe6-EHNE<\/strong><\/p>\n<p><strong>Pr\u00e9s\u00e9lection : au plus tard le 26 juin 2018<\/strong><\/p>\n<p><strong>Auditions : 4 juillet 2018 apr\u00e8s-midi<\/strong><\/p>\n<p><strong>Prise de poste : le 1<sup>er <\/sup>septembre 2018<\/strong><\/p>\n<p>Renseignements: genreeurope@gmail.com<\/p>\n<p>&#8212;&#8212;&#8212;&#8212;&#8212;&#8212;&#8212;&#8212;&#8212;&#8212;&#8212;&#8212;&#8212;&#8212;&#8212;&#8212;&#8212;&#8211;<\/p>\n<p>STRUCTURE : UMR Sirice (Sorbonne-Identit\u00e9s, relations internationales et civilisations de l\u2019Europe) \u2013 Universit\u00e9s Paris\u00a01 Panth\u00e9on-Sorbonne, Paris-Sorbonne, CNRS.<\/p>\n<p>UNITE : UMR 8138<\/p>\n<p>LOCALISATION G\u00c9OGRAPHIQUE : Paris<\/p>\n<p>POSTE\u00a0<strong>: CDD de post-doctorant \u00e0 temps complet \u00e0 compter du 01\/09\/2018<\/strong><\/p>\n<p>DUR\u00c9E : 1 an renouvelable une fois<\/p>\n<p>R\u00c9MUN\u00c9RATION : Salaire mensuel net : env. 1\u00a0900 \u20ac<\/p>\n<p>FINANCEMENT : LabEx EHNE \u2013 Investissements d\u2019Avenir<\/p>\n<p>RESPONSABLE SCIENTIFIQUE : Fabrice Virgili<\/p>\n<p>&nbsp;<\/p>\n","protected":false},"excerpt":{"rendered":"<p>Dans le cadre du LabEx \u00ab \u00c9crire une histoire nouvelle de l\u2019Europe \u00bb (EHNE), l\u2019UMR-Sirice (Sorbonne-Identit\u00e9s, relations internationales et\u00a0 civilisations de l\u2019Europe) recrute un-e post-doctorant-e qui sera charg\u00e9-e de l\u2019animation de l\u2019axe 6 intitul\u00e9 \u00ab\u00a0Genre &amp; Europe\u00a0\u00bb. Description du poste Le ou la post-doctorant.e sera charg\u00e9.e de l\u2019animation de l\u2019axe\u2026<\/p>\n<p class=\"continue-reading-button\"> <a class=\"continue-reading-link\" href=\"https:\/\/regis-schlagdenhauffen.eu\/?p=596\">Lire la suite&#8230;<i class=\"crycon-right-dir\"><\/i><\/a><\/p>\n","protected":false},"author":1,"featured_media":597,"comment_status":"open","ping_status":"open","sticky":false,"template":"","format":"standard","meta":[],"categories":[39],"tags":[106,12,29,10,107,383,286],"_links":{"self":[{"href":"https:\/\/regis-schlagdenhauffen.eu\/index.php?rest_route=\/wp\/v2\/posts\/596"}],"collection":[{"href":"https:\/\/regis-schlagdenhauffen.eu\/index.php?rest_route=\/wp\/v2\/posts"}],"about":[{"href":"https:\/\/regis-schlagdenhauffen.eu\/index.php?rest_route=\/wp\/v2\/types\/post"}],"author":[{"embeddable":true,"href":"https:\/\/regis-schlagdenhauffen.eu\/index.php?rest_route=\/wp\/v2\/users\/1"}],"replies":[{"embeddable":true,"href":"https:\/\/regis-schlagdenhauffen.eu\/index.php?rest_route=%2Fwp%2Fv2%2Fcomments&post=596"}],"version-history":[{"count":4,"href":"https:\/\/regis-schlagdenhauffen.eu\/index.php?rest_route=\/wp\/v2\/posts\/596\/revisions"}],"predecessor-version":[{"id":601,"href":"https:\/\/regis-schlagdenhauffen.eu\/index.php?rest_route=\/wp\/v2\/posts\/596\/revisions\/601"}],"wp:featuredmedia":[{"embeddable":true,"href":"https:\/\/regis-schlagdenhauffen.eu\/index.php?rest_route=\/wp\/v2\/media\/597"}],"wp:attachment":[{"href":"https:\/\/regis-schlagdenhauffen.eu\/index.php?rest_route=%2Fwp%2Fv2%2Fmedia&parent=596"}],"wp:term":[{"taxonomy":"category","embeddable":true,"href":"https:\/\/regis-schlagdenhauffen.eu\/index.php?rest_route=%2Fwp%2Fv2%2Fcategories&post=596"},{"taxonomy":"post_tag","embeddable":true,"href":"https:\/\/regis-schlagdenhauffen.eu\/index.php?rest_route=%2Fwp%2Fv2%2Ftags&post=596"}],"curies":[{"name":"wp","href":"https:\/\/api.w.org\/{rel}","templated":true}]}}