{"id":611,"date":"2018-07-31T23:17:03","date_gmt":"2018-07-31T22:17:03","guid":{"rendered":"http:\/\/regis-schlagdenhauffen.eu\/?p=611"},"modified":"2018-07-21T14:26:55","modified_gmt":"2018-07-21T13:26:55","slug":"les-condamnes-pour-homosexualite-une-realite-exhumee-liberation","status":"publish","type":"post","link":"https:\/\/regis-schlagdenhauffen.eu\/?p=611","title":{"rendered":"\u00ab\u00a0Les condamn\u00e9s pour homosexualit\u00e9, une r\u00e9alit\u00e9 exhum\u00e9e\u00a0\u00bb &#8211; Lib\u00e9ration"},"content":{"rendered":"<p class=\"article-standfirst read-left-padding\">\u00c0 la suite des travaux pionniers men\u00e9s par l&rsquo;historienne Florence Tamagne, \u00ab\u00a0une \u00e9tude men\u00e9e par\u00a0deux sociologues rend public l\u2019ampleur de la\u00a0r\u00e9pression subie par les homosexuels en France : de\u00a0l\u2019apr\u00e8s-guerre \u00e0\u00a01982, pr\u00e8s de 10 000\u00a0peines ont \u00e9t\u00e9 prononc\u00e9es, presque toutes \u00e0\u00a0l\u2019encontre d\u2019hommes.\u00a0\u00bb &#8230; Lire la suite de l&rsquo;article de Florian Bardou sur le site du quotidien <a href=\"http:\/\/www.liberation.fr\/france\/2018\/07\/17\/les-condamnes-pour-homosexualite-une-realite-exhumee_1667172\"><em>Lib\u00e9ration<\/em><\/a><\/p>\n<p><img decoding=\"async\" loading=\"lazy\" class=\"alignnone size-medium wp-image-613\" src=\"https:\/\/regis-schlagdenhauffen.eu\/wp-content\/uploads\/2018\/07\/Capture-d\u2019\u00e9cran-2018-07-21-\u00e0-15.23.31-224x300.png\" alt=\"\" width=\"224\" height=\"300\" srcset=\"https:\/\/regis-schlagdenhauffen.eu\/wp-content\/uploads\/2018\/07\/Capture-d\u2019\u00e9cran-2018-07-21-\u00e0-15.23.31-224x300.png 224w, https:\/\/regis-schlagdenhauffen.eu\/wp-content\/uploads\/2018\/07\/Capture-d\u2019\u00e9cran-2018-07-21-\u00e0-15.23.31-112x150.png 112w, https:\/\/regis-schlagdenhauffen.eu\/wp-content\/uploads\/2018\/07\/Capture-d\u2019\u00e9cran-2018-07-21-\u00e0-15.23.31.png 416w\" sizes=\"(max-width: 224px) 100vw, 224px\" \/><\/p>\n<p>&nbsp;<\/p>\n","protected":false},"excerpt":{"rendered":"<p>\u00c0 la suite des travaux pionniers men\u00e9s par l&rsquo;historienne Florence Tamagne, \u00ab\u00a0une \u00e9tude men\u00e9e par\u00a0deux sociologues rend public l\u2019ampleur de la\u00a0r\u00e9pression subie par les homosexuels en France : de\u00a0l\u2019apr\u00e8s-guerre \u00e0\u00a01982, pr\u00e8s de 10 000\u00a0peines ont \u00e9t\u00e9 prononc\u00e9es, presque toutes \u00e0\u00a0l\u2019encontre d\u2019hommes.\u00a0\u00bb &#8230; Lire la suite de l&rsquo;article de Florian Bardou\u2026<\/p>\n<p class=\"continue-reading-button\"> <a class=\"continue-reading-link\" href=\"https:\/\/regis-schlagdenhauffen.eu\/?p=611\">Lire la suite&#8230;<i class=\"crycon-right-dir\"><\/i><\/a><\/p>\n","protected":false},"author":1,"featured_media":612,"comment_status":"open","ping_status":"open","sticky":false,"template":"","format":"standard","meta":[],"categories":[39],"tags":[429,428,341,309,18],"_links":{"self":[{"href":"https:\/\/regis-schlagdenhauffen.eu\/index.php?rest_route=\/wp\/v2\/posts\/611"}],"collection":[{"href":"https:\/\/regis-schlagdenhauffen.eu\/index.php?rest_route=\/wp\/v2\/posts"}],"about":[{"href":"https:\/\/regis-schlagdenhauffen.eu\/index.php?rest_route=\/wp\/v2\/types\/post"}],"author":[{"embeddable":true,"href":"https:\/\/regis-schlagdenhauffen.eu\/index.php?rest_route=\/wp\/v2\/users\/1"}],"replies":[{"embeddable":true,"href":"https:\/\/regis-schlagdenhauffen.eu\/index.php?rest_route=%2Fwp%2Fv2%2Fcomments&post=611"}],"version-history":[{"count":3,"href":"https:\/\/regis-schlagdenhauffen.eu\/index.php?rest_route=\/wp\/v2\/posts\/611\/revisions"}],"predecessor-version":[{"id":615,"href":"https:\/\/regis-schlagdenhauffen.eu\/index.php?rest_route=\/wp\/v2\/posts\/611\/revisions\/615"}],"wp:featuredmedia":[{"embeddable":true,"href":"https:\/\/regis-schlagdenhauffen.eu\/index.php?rest_route=\/wp\/v2\/media\/612"}],"wp:attachment":[{"href":"https:\/\/regis-schlagdenhauffen.eu\/index.php?rest_route=%2Fwp%2Fv2%2Fmedia&parent=611"}],"wp:term":[{"taxonomy":"category","embeddable":true,"href":"https:\/\/regis-schlagdenhauffen.eu\/index.php?rest_route=%2Fwp%2Fv2%2Fcategories&post=611"},{"taxonomy":"post_tag","embeddable":true,"href":"https:\/\/regis-schlagdenhauffen.eu\/index.php?rest_route=%2Fwp%2Fv2%2Ftags&post=611"}],"curies":[{"name":"wp","href":"https:\/\/api.w.org\/{rel}","templated":true}]}}