{"id":640,"date":"2018-09-09T09:43:12","date_gmt":"2018-09-09T08:43:12","guid":{"rendered":"http:\/\/regis-schlagdenhauffen.eu\/?p=640"},"modified":"2018-09-09T09:47:53","modified_gmt":"2018-09-09T08:47:53","slug":"parution-faire-memoire-regards-croises-sur-les-mobilisations","status":"publish","type":"post","link":"https:\/\/regis-schlagdenhauffen.eu\/?p=640","title":{"rendered":"Parution &#8211; Faire m\u00e9moire: Regard crois\u00e9 sur les mobilisations &#8230;"},"content":{"rendered":"<p>Dans une perspective pluridisciplinaire, cet ouvrage r\u00e9unit des historiens, des sociologues et des politistes qui proposent une lecture crois\u00e9e de mobilisations m\u00e9morielles insistant sur la m\u00e9morialisation de lieux, revenant sur la fabrique de m\u00e9moires collectives partisane, associative et syndicale.\u00a0Les auteurs croisent les outils de la sociologie de la m\u00e9moire et de celle des mobilisations et s&rsquo;int\u00e9resse \u00e0 la transmission au sein des organisations militantes.<\/p>\n<p><img decoding=\"async\" loading=\"lazy\" class=\"alignnone size-medium wp-image-643\" src=\"https:\/\/regis-schlagdenhauffen.eu\/wp-content\/uploads\/2018\/09\/9782343153216r-194x300.jpg\" alt=\"\" width=\"194\" height=\"300\" srcset=\"https:\/\/regis-schlagdenhauffen.eu\/wp-content\/uploads\/2018\/09\/9782343153216r-194x300.jpg 194w, https:\/\/regis-schlagdenhauffen.eu\/wp-content\/uploads\/2018\/09\/9782343153216r-768x1190.jpg 768w, https:\/\/regis-schlagdenhauffen.eu\/wp-content\/uploads\/2018\/09\/9782343153216r-661x1024.jpg 661w, https:\/\/regis-schlagdenhauffen.eu\/wp-content\/uploads\/2018\/09\/9782343153216r-97x150.jpg 97w, https:\/\/regis-schlagdenhauffen.eu\/wp-content\/uploads\/2018\/09\/9782343153216r.jpg 1832w\" sizes=\"(max-width: 194px) 100vw, 194px\" \/>\u00a0<em><img decoding=\"async\" loading=\"lazy\" class=\"wp-image-644 alignleft\" src=\"https:\/\/regis-schlagdenhauffen.eu\/wp-content\/uploads\/2018\/09\/Capture-d\u2019\u00e9cran-2018-09-09-\u00e0-10.39.50-300x215.png\" alt=\"\" width=\"413\" height=\"296\" srcset=\"https:\/\/regis-schlagdenhauffen.eu\/wp-content\/uploads\/2018\/09\/Capture-d\u2019\u00e9cran-2018-09-09-\u00e0-10.39.50-300x215.png 300w, https:\/\/regis-schlagdenhauffen.eu\/wp-content\/uploads\/2018\/09\/Capture-d\u2019\u00e9cran-2018-09-09-\u00e0-10.39.50-768x551.png 768w, https:\/\/regis-schlagdenhauffen.eu\/wp-content\/uploads\/2018\/09\/Capture-d\u2019\u00e9cran-2018-09-09-\u00e0-10.39.50-150x108.png 150w, https:\/\/regis-schlagdenhauffen.eu\/wp-content\/uploads\/2018\/09\/Capture-d\u2019\u00e9cran-2018-09-09-\u00e0-10.39.50.png 957w\" sizes=\"(max-width: 413px) 100vw, 413px\" \/><\/em><\/p>\n<p><em><strong>Ont contribu\u00e9<\/strong> \u00e0 cet ouvrage : Magali BOUMAZA (dir.), Corinne CHEVALLIER, Etienne COPEAUX, Paul CORMIER, Isil ERDINC, Alexandra GOUJON, Mayada MADBOULY, Eylem \u00d6ZKAYA, R\u00e9gis SCHLAGDENHAUFFEN.<\/em><\/p>\n<p><strong>Plus d&rsquo;infos<\/strong> sur <em>Faire m\u00e9moire:\u00a0Regard crois\u00e9 sur les mobilisations m\u00e9morielles<\/em><br \/>\n<em>(France, Allemagne, Ukraine, Turquie, \u00c9gypte)<\/em>\u00a0&gt;&gt;\u00a0<a href=\"http:\/\/www.editions-harmattan.fr\/index.asp?navig=catalogue&amp;obj=livre&amp;no=60494\">http:\/\/www.editions-harmattan.fr\/index.asp?navig=catalogue&amp;obj=livre&amp;no=60494<\/a><\/p>\n<p>&nbsp;<\/p>\n","protected":false},"excerpt":{"rendered":"<p>Dans une perspective pluridisciplinaire, cet ouvrage r\u00e9unit des historiens, des sociologues et des politistes qui proposent une lecture crois\u00e9e de mobilisations m\u00e9morielles insistant sur la m\u00e9morialisation de lieux, revenant sur la fabrique de m\u00e9moires collectives partisane, associative et syndicale.\u00a0Les auteurs croisent les outils de la sociologie de la m\u00e9moire et\u2026<\/p>\n<p class=\"continue-reading-button\"> <a class=\"continue-reading-link\" href=\"https:\/\/regis-schlagdenhauffen.eu\/?p=640\">Lire la suite&#8230;<i class=\"crycon-right-dir\"><\/i><\/a><\/p>\n","protected":false},"author":1,"featured_media":648,"comment_status":"open","ping_status":"open","sticky":false,"template":"","format":"standard","meta":[],"categories":[39,1],"tags":[434,433,16,217,436,435],"_links":{"self":[{"href":"https:\/\/regis-schlagdenhauffen.eu\/index.php?rest_route=\/wp\/v2\/posts\/640"}],"collection":[{"href":"https:\/\/regis-schlagdenhauffen.eu\/index.php?rest_route=\/wp\/v2\/posts"}],"about":[{"href":"https:\/\/regis-schlagdenhauffen.eu\/index.php?rest_route=\/wp\/v2\/types\/post"}],"author":[{"embeddable":true,"href":"https:\/\/regis-schlagdenhauffen.eu\/index.php?rest_route=\/wp\/v2\/users\/1"}],"replies":[{"embeddable":true,"href":"https:\/\/regis-schlagdenhauffen.eu\/index.php?rest_route=%2Fwp%2Fv2%2Fcomments&post=640"}],"version-history":[{"count":7,"href":"https:\/\/regis-schlagdenhauffen.eu\/index.php?rest_route=\/wp\/v2\/posts\/640\/revisions"}],"predecessor-version":[{"id":650,"href":"https:\/\/regis-schlagdenhauffen.eu\/index.php?rest_route=\/wp\/v2\/posts\/640\/revisions\/650"}],"wp:featuredmedia":[{"embeddable":true,"href":"https:\/\/regis-schlagdenhauffen.eu\/index.php?rest_route=\/wp\/v2\/media\/648"}],"wp:attachment":[{"href":"https:\/\/regis-schlagdenhauffen.eu\/index.php?rest_route=%2Fwp%2Fv2%2Fmedia&parent=640"}],"wp:term":[{"taxonomy":"category","embeddable":true,"href":"https:\/\/regis-schlagdenhauffen.eu\/index.php?rest_route=%2Fwp%2Fv2%2Fcategories&post=640"},{"taxonomy":"post_tag","embeddable":true,"href":"https:\/\/regis-schlagdenhauffen.eu\/index.php?rest_route=%2Fwp%2Fv2%2Ftags&post=640"}],"curies":[{"name":"wp","href":"https:\/\/api.w.org\/{rel}","templated":true}]}}