{"id":652,"date":"2018-09-21T13:05:39","date_gmt":"2018-09-21T12:05:39","guid":{"rendered":"http:\/\/regis-schlagdenhauffen.eu\/?p=652"},"modified":"2018-11-08T10:27:27","modified_gmt":"2018-11-08T09:27:27","slug":"rectutement-d1-gestionnaire-financier-a-liris-ehess","status":"publish","type":"post","link":"https:\/\/regis-schlagdenhauffen.eu\/?p=652","title":{"rendered":"Recrutement d&rsquo;1 gestionnaire financier \u00e0 l&rsquo;Iris Ehess"},"content":{"rendered":"<p><span style=\"color: #0000ff;\"><strong>L&rsquo;Iris recrute imm\u00e9diatement 1 gestionnaire financier. Poste \u00e0 temps complet, CDD d\u2019un an. <\/strong><strong>Poste \u00e0 pourvoir d\u00e8s que possible. <\/strong><\/span><strong>Niveau de recrutement<\/strong>\u00a0:\u00a0Technicien-ne H\/F (cat\u00e9gorie B)<\/p>\n<p><strong>Niveau de r\u00e9mun\u00e9ration\u00a0: <\/strong>de 1597.68 \u20ac \u00e0 2141.37 \u20ac bruts mensuels selon exp\u00e9rience professionnelle<\/p>\n<p><strong>Affectation\u00a0: <\/strong>IRIS (Institut de Recherche interdisciplinaire sur les enjeux sociaux), 54, boulevard Raspail, 75006 Paris<\/p>\n<p><strong>MISSIONS<\/strong><\/p>\n<p>Le gestionnaire financier et comptable r\u00e9alise des actes de gestion administrative dans le respect des techniques, des r\u00e8gles et des proc\u00e9dures applicables au domaine de la gestion financi\u00e8re et comptable.<\/p>\n<p><strong>ACTIVIT\u00c9S PRINCIPALES<\/strong><\/p>\n<ul>\n<li>Proc\u00e9der aux op\u00e9rations d\u2019engagement, liquidation, mandatement<\/li>\n<li>Suivre les cr\u00e9dits par type de d\u00e9penses ou d\u2019op\u00e9rations ou par structure<\/li>\n<li>Enregistrer les donn\u00e9es budg\u00e9taires<\/li>\n<li>Collecter et contr\u00f4ler les pi\u00e8ces justificatives n\u00e9cessaires aux op\u00e9rations de gestion<\/li>\n<li>Classer et archiver les pi\u00e8ces et justificatifs d\u2019op\u00e9rations financi\u00e8res et comptables<\/li>\n<li>Alimenter les bases de donn\u00e9es du domaine d\u2019intervention et faire un suivi<\/li>\n<li>Int\u00e9grer les donn\u00e9es, contr\u00f4ler leur validit\u00e9 et leur coh\u00e9rence<\/li>\n<li>Identifier les priorit\u00e9s et organiser son activit\u00e9 en tenant compte des contraintes et \u00e9ch\u00e9ances<\/li>\n<\/ul>\n<p><strong>CONNAISSANCES<\/strong><\/p>\n<ul>\n<li>Finances publiques<\/li>\n<li>Connaissances des \u00e9volutions r\u00e9glementaires en vigueur, en particulier la r\u00e9forme GBCP<\/li>\n<li>Connaissance du logiciel budg\u00e9taire et comptable \u00ab\u00a0SIFAC\u00a0\u00bb (mod\u00e8le SAP, formation possible)<\/li>\n<li>Anglais\u00a0: A1 et A2 (cadre de r\u00e9f\u00e9rence europ\u00e9en)<\/li>\n<\/ul>\n<p><strong>COMP\u00c9TENCES <\/strong><\/p>\n<ul>\n<li>Analyser les donn\u00e9es comptables et financi\u00e8res<\/li>\n<li>Appliquer les r\u00e8gles financi\u00e8res<\/li>\n<li>Assurer le suivi des d\u00e9penses et des recettes<\/li>\n<li>Ex\u00e9cuter la d\u00e9pense et la recette<\/li>\n<li>Savoir g\u00e9rer son activit\u00e9 en fonction des obligations budg\u00e9taires annuelles<\/li>\n<li>Savoir rendre compte<\/li>\n<li>Communiquer et faire preuve de p\u00e9dagogie<\/li>\n<li>Utiliser des logiciels sp\u00e9cifiques \u00e0 l\u2019activit\u00e9 (Sifac)<\/li>\n<li>Une connaissance de Safir est \u00e9galement appr\u00e9ci\u00e9e<\/li>\n<li>Fiabilit\u00e9, rigueur,<\/li>\n<li>Savoir planifier et respecter des d\u00e9lais<\/li>\n<\/ul>\n<p><strong>PROFIL RECHERCH\u00c9<\/strong><\/p>\n<ul>\n<li>Bac exig\u00e9<\/li>\n<li>Exp\u00e9rience souhait\u00e9e dans domaine de la comptabilit\u00e9 ou finances publiques<\/li>\n<\/ul>\n<p><strong>ENVIRONNEMENT ET CONTEXTE DE TRAVAIL<\/strong><\/p>\n<p>L&rsquo;Ecole des hautes \u00e9tudes en sciences sociales (<span id=\"OBJ_PREFIX_DWT1710_com_zimbra_url\" class=\"Object\" role=\"link\"><span id=\"OBJ_PREFIX_DWT1713_com_zimbra_url\" class=\"Object\" role=\"link\"><a href=\"http:\/\/www.ehess.fr\" target=\"_blank\" rel=\"noopener\">www.ehess.fr<\/a><\/span><\/span>) est un \u00e9tablissement public \u00e0 caract\u00e8re scientifique, culturel et professionnel, \u00ab grand \u00e9tablissement \u00bb assurant une mission de recherche dans le domaine des sciences humaines et sociales et de formation \u00e0 la recherche. L&rsquo;\u00e9tablissement accueille 3\u00a0000 \u00e9tudiants dont 1700 doctorants (avec pr\u00e8s de 250 th\u00e8ses soutenues par an dans toutes les disciplines des sciences sociales) et 1\u00a0300 masterants.<\/p>\n<p>L\u2019EHESS est le premier partenaire du CNRS en sciences humaines et sociales (300 chercheurs, 170 ITA membres des unit\u00e9s mixtes de recherche).<\/p>\n<p>Outre ses implantations parisiennes, l&rsquo;Ecole est implant\u00e9e \u00e0 Marseille, Toulouse et Lyon. Elle est dirig\u00e9e par un Pr\u00e9sident, \u00e9lu par l&rsquo;assembl\u00e9e des enseignants et assist\u00e9 d&rsquo;un Bureau compos\u00e9 de quatre enseignants-chercheurs.<\/p>\n<p>Unit\u00e9 mixte de recherche associant l&rsquo;EHESS, le CNRS, l&rsquo;Inserm et l&rsquo;Universit\u00e9 Paris 13, l&rsquo;Institut de recherche interdisciplinaire sur les enjeux sociaux &#8211; Iris &#8211; r\u00e9unit une soixantaine de chercheurs et plus de 130 doctorants et jeunes docteurs en anthropologie, sociologie, histoire, droit, science politique, sant\u00e9 publique et m\u00e9decine l\u00e9gale, ainsi que des visiteurs \u00e9trangers. Les deux localisations principales de l&rsquo;Iris sont les campus de l&rsquo;EHESS \u00e0 Paris et de l&rsquo;Universit\u00e9 Paris 13 \u00e0 Bobigny.<\/p>\n<p>Le poste sera localis\u00e9 initialement au 54 bd Raspail Paris 06, puis \u00e0 partir de l\u2019automne 2019, sur le Campus Condorcet \u00e0 Aubervilliers.<\/p>\n<p><span style=\"color: #ff0000;\"><strong>Les candidatures sont \u00e0 saisir exclusivement sur l\u2019interface emploi de l\u2019EHESS, via le formulaire de candidature, en suivant le lien suivant &gt;&gt;<\/strong><\/span> <a href=\"http:\/\/recrutement.ehess.fr\/100_offre-emploi-gestionnaire-financier-a-l'iris-(f-h).html\"><strong><span id=\"OBJ_PREFIX_DWT1711_com_zimbra_url\" class=\"Object\" role=\"link\"><span id=\"OBJ_PREFIX_DWT1714_com_zimbra_url\" class=\"Object\" role=\"link\">http:\/\/recrutement.ehess.fr\/100_offre-emploi-gestionnaire-financier-a-l<\/span><\/span>&lsquo;iris-(f-h).html<\/strong><\/a><\/p>\n<div>\n<div>\n<div>\n<div><strong>________________________________________________________________<br \/>\n<\/strong><\/div>\n<div>\n<table border=\"1\" cellpadding=\"3\" align=\"left\">\n<tbody>\n<tr>\n<td valign=\"middle\"><img decoding=\"async\" loading=\"lazy\" src=\"https:\/\/www.sorbonne.fr\/wp-content\/uploads\/Logo_ehess.svg_.png\" width=\"95\" height=\"95\" \/><\/td>\n<td align=\"left\" valign=\"top\">\n<div><strong>Bureau du recrutement<\/strong><\/div>\n<div>Service des Ressources Humaines<\/div>\n<div><strong>\u00a0<\/strong><\/div>\n<div><strong>\u00c9cole des Hautes \u00c9tudes en Sciences Sociales (EHESS)<\/strong><br \/>\n54, boulevard Raspail &#8211; 75006 Paris<br \/>\n<strong><em>email :<\/em><\/strong><em> <span id=\"OBJ_PREFIX_DWT1712_ZmEmailObjectHandler\" class=\"Object\" role=\"link\"><span id=\"OBJ_PREFIX_DWT1715_ZmEmailObjectHandler\" class=\"Object\" role=\"link\">recrutement-admin@ehess.fr<\/span><\/span><\/em><\/div>\n<\/td>\n<\/tr>\n<\/tbody>\n<\/table>\n<\/div>\n<\/div>\n<\/div>\n<\/div>\n","protected":false},"excerpt":{"rendered":"<p>L&rsquo;Iris recrute imm\u00e9diatement 1 gestionnaire financier. Poste \u00e0 temps complet, CDD d\u2019un an. Poste \u00e0 pourvoir d\u00e8s que possible. Niveau de recrutement\u00a0:\u00a0Technicien-ne H\/F (cat\u00e9gorie B) Niveau de r\u00e9mun\u00e9ration\u00a0: de 1597.68 \u20ac \u00e0 2141.37 \u20ac bruts mensuels selon exp\u00e9rience professionnelle Affectation\u00a0: IRIS (Institut de Recherche interdisciplinaire sur les enjeux sociaux), 54,\u2026<\/p>\n<p class=\"continue-reading-button\"> <a class=\"continue-reading-link\" href=\"https:\/\/regis-schlagdenhauffen.eu\/?p=652\">Lire la suite&#8230;<i class=\"crycon-right-dir\"><\/i><\/a><\/p>\n","protected":false},"author":1,"featured_media":654,"comment_status":"open","ping_status":"open","sticky":false,"template":"","format":"standard","meta":[],"categories":[39],"tags":[58,438,426,437,286],"_links":{"self":[{"href":"https:\/\/regis-schlagdenhauffen.eu\/index.php?rest_route=\/wp\/v2\/posts\/652"}],"collection":[{"href":"https:\/\/regis-schlagdenhauffen.eu\/index.php?rest_route=\/wp\/v2\/posts"}],"about":[{"href":"https:\/\/regis-schlagdenhauffen.eu\/index.php?rest_route=\/wp\/v2\/types\/post"}],"author":[{"embeddable":true,"href":"https:\/\/regis-schlagdenhauffen.eu\/index.php?rest_route=\/wp\/v2\/users\/1"}],"replies":[{"embeddable":true,"href":"https:\/\/regis-schlagdenhauffen.eu\/index.php?rest_route=%2Fwp%2Fv2%2Fcomments&post=652"}],"version-history":[{"count":4,"href":"https:\/\/regis-schlagdenhauffen.eu\/index.php?rest_route=\/wp\/v2\/posts\/652\/revisions"}],"predecessor-version":[{"id":688,"href":"https:\/\/regis-schlagdenhauffen.eu\/index.php?rest_route=\/wp\/v2\/posts\/652\/revisions\/688"}],"wp:featuredmedia":[{"embeddable":true,"href":"https:\/\/regis-schlagdenhauffen.eu\/index.php?rest_route=\/wp\/v2\/media\/654"}],"wp:attachment":[{"href":"https:\/\/regis-schlagdenhauffen.eu\/index.php?rest_route=%2Fwp%2Fv2%2Fmedia&parent=652"}],"wp:term":[{"taxonomy":"category","embeddable":true,"href":"https:\/\/regis-schlagdenhauffen.eu\/index.php?rest_route=%2Fwp%2Fv2%2Fcategories&post=652"},{"taxonomy":"post_tag","embeddable":true,"href":"https:\/\/regis-schlagdenhauffen.eu\/index.php?rest_route=%2Fwp%2Fv2%2Ftags&post=652"}],"curies":[{"name":"wp","href":"https:\/\/api.w.org\/{rel}","templated":true}]}}