{"id":726,"date":"2019-01-21T22:23:52","date_gmt":"2019-01-21T21:23:52","guid":{"rendered":"http:\/\/regis-schlagdenhauffen.eu\/?p=726"},"modified":"2019-01-22T09:21:44","modified_gmt":"2019-01-22T08:21:44","slug":"journee-detudes-police-justice-et-homosexualites","status":"publish","type":"post","link":"https:\/\/regis-schlagdenhauffen.eu\/?p=726","title":{"rendered":"Journ\u00e9e d&rsquo;\u00e9tudes &#8211; Police, justice et homosexualit\u00e9s"},"content":{"rendered":"<p align=\"center\"><b>\u00ab\u00a0Police, justice et homosexualit\u00e9s.\u00a0<\/b><\/p>\n<p align=\"center\"><b>Regards historiques, sociologiques et comparatifs\u00a0\u00bb\u00a0<\/b><\/p>\n<p>Journ\u00e9e d&rsquo;\u00e9tudes qui se tiendra le 15 f\u00e9vrier 2019 \u00e0 l\u2019\u00c9cole des hautes \u00e9tudes en sciences sociales, 96 boulevard Raspail, Salle des Lombard.<\/p>\n<p><em>Cette manifestation est organis\u00e9e et financ\u00e9e dans le cadre d\u2019un \u00ab\u00a0programme formation-recherche\u00a0\u00bb du CIERA, en partenariat avec l\u2019EHESS, l\u2019Institut de recherche interdisciplinaire sur les enjeux sociaux (IRIS), l&rsquo;Universit\u00e9 de Strasbourg et l&rsquo;Universit\u00e9 de Bielefeld.\u00a0<\/em>Entr\u00e9e libre.<\/p>\n<p style=\"text-align: center;\"><img decoding=\"async\" loading=\"lazy\" class=\"size-medium wp-image-730 aligncenter\" src=\"https:\/\/regis-schlagdenhauffen.eu\/wp-content\/uploads\/2019\/01\/Capture-d\u2019\u00e9cran-2019-01-22-\u00e0-07.54.46-300x229.png\" alt=\"\" width=\"300\" height=\"229\" srcset=\"https:\/\/regis-schlagdenhauffen.eu\/wp-content\/uploads\/2019\/01\/Capture-d\u2019\u00e9cran-2019-01-22-\u00e0-07.54.46-300x229.png 300w, https:\/\/regis-schlagdenhauffen.eu\/wp-content\/uploads\/2019\/01\/Capture-d\u2019\u00e9cran-2019-01-22-\u00e0-07.54.46-768x587.png 768w, https:\/\/regis-schlagdenhauffen.eu\/wp-content\/uploads\/2019\/01\/Capture-d\u2019\u00e9cran-2019-01-22-\u00e0-07.54.46-150x115.png 150w, https:\/\/regis-schlagdenhauffen.eu\/wp-content\/uploads\/2019\/01\/Capture-d\u2019\u00e9cran-2019-01-22-\u00e0-07.54.46.png 841w\" sizes=\"(max-width: 300px) 100vw, 300px\" \/><span style=\"font-family: 'Times New Roman', Times, serif;\">\u00a0\u00a0<\/span><span style=\"font-family: 'Times New Roman', Times, serif;\">\u00a0<\/span><b>Programme<\/b><\/p>\n<p>9h00 Accueil des participant.e.s<\/p>\n<p><b><u>Panel 1\u00a0: Le contr\u00f4le policier de l\u2019homosexualit\u00e9\u00a0: approches sociohistoriques (9h30 &#8211; 11h00)<\/u><\/b><b><u><\/u><\/b><\/p>\n<ul>\n<li><b>Romain Jaouen <\/b>(Sciences Po, CHSP)\u00a0:<\/li>\n<\/ul>\n<p><i>La police des m\u0153urs \u00e0 l&rsquo;\u00e9gard des d\u00e9viances sexuelles et de genre masculines dans l&rsquo;entre-deux-guerres.<\/i><\/p>\n<ul>\n<li><b>Emmanuel Blanchard <\/b>(UVSQ, Science po St-Germain-en-Laye, CESDIP)\u00a0:<\/li>\n<\/ul>\n<p><i>Le mauvais genre des Alg\u00e9riens : homosexualit\u00e9s sous surveillance de la pr\u00e9fecture de police de Paris (1930 &#8211; 1950).<\/i><\/p>\n<ul>\n<li><b>Sarah Kiani\u00a0<\/b>(CMB Berlin)\u00a0:<\/li>\n<\/ul>\n<p><i>Homosexualit\u00e9s et surveillance d&rsquo;\u00c9tat en RDA (1970-1989).<\/i><\/p>\n<p>Discussion\u00a0: <b>Quentin Deluermoz<\/b> (Universit\u00e9 de Paris 13, Pl\u00e9iade)<\/p>\n<p><b><u>Panel 2\u00a0: Les militantismes gais\u00a0et le droit (11h15 &#8211; 12h30)<\/u><\/b><\/p>\n<ul>\n<li><b>Jean B\u00e9rard <\/b>(ENS Paris Saclay),<b> Nicolas Sall\u00e9e<\/b> (Universit\u00e9 de Montr\u00e9al, CREMIS) :<\/li>\n<\/ul>\n<p><i>Les \u00e2ges du consentement. Militantisme gai et sexualit\u00e9 des mineurs en France et au Qu\u00e9bec (1970-1980)<\/i>\u202a<i>.<\/i><\/p>\n<ul>\n<li><b>Jean Danet\u00a0<\/b>(Universit\u00e9 de Nantes, DCS) :<\/li>\n<\/ul>\n<p><i>Les effets des mobilisations gais sur l&rsquo;appareil judiciaire dans le contexte d\u2019un r\u00e9am\u00e9nagement du droit p\u00e9nal\u00a0: le tournant de la r\u00e9pression \u00e0 la protection chez les professionnels du droit.<\/i><\/p>\n<p>Discussion\u00a0: <b>Patrick Farges <\/b>(Universit\u00e9 Paris Diderot, USPC)<\/p>\n<p><b>Pause d\u00e9jeuner (12h30 \u2013 14h00)<\/b><\/p>\n<p><b><u>Panel 3\u00a0:\u00a0\u00a0 La sexualit\u00e9 face \u00e0 la loi (14h00 \u2013 15h00)<\/u><\/b><\/p>\n<ul>\n<li><b><span lang=\"EN-US\">Roberto Molina <\/span><\/b><span lang=\"EN-US\">(EHESS, M2 GPS)\u00a0: <\/span><\/li>\n<\/ul>\n<p><i>Le traitement de l&rsquo;homosexualit\u00e9 juv\u00e9nile par la justice franquiste (1939 \u2013 1975).<\/i><\/p>\n<ul>\n<li><b>Loreto Quiroga <\/b>(EHESS, M2 GPS)\u00a0:<\/li>\n<\/ul>\n<p><i>La loi et travail sexuel : r\u00e9percussions\u00a0de l&rsquo;impl\u00e9mentation de la p\u00e9nalisation des clients \u00e0 Paris.<\/i><\/p>\n<p>Discussion\u00a0: <b>R\u00e9gis Schlagdenhauffen<\/b> (EHESS, IRIS)<\/p>\n<p><b><u>Panel 4\u00a0: La condition LGBT+ dans les m\u00e9tiers d\u2019ordre en France et en Allemagne (15h30 \u2013 17h00)<\/u><\/b><\/p>\n<ul>\n<li><b>\u00c9milie Morand <\/b>(Paris V, CERLIS)\u00a0:<\/li>\n<\/ul>\n<p><i>\u00catre lesbienne ou gay dans les m\u00e9tiers de l\u2019ordre : une identit\u00e9 mise \u00e0 l\u2019\u00e9preuve.<\/i><\/p>\n<ul>\n<li><b>Tatiana Zimenkova <\/b>(Hochschule Rhein-Waal) et<b> Verena Molitor<\/b> (Univ. Bielefeld, ZDES)\u00a0:<\/li>\n<\/ul>\n<p><i>Le travail quotidien des policiers LGBT+ en Allemagne.<\/i><i><\/i><\/p>\n<ul>\n<li><b>J\u00e9r\u00e9mie Gauthier <\/b>(Universit\u00e9 de Strasbourg, DynamE, CMB Berlin) et <b>R\u00e9gis Schlagdenhauffen <\/b>(EHESS, IRIS)\u00a0:<\/li>\n<\/ul>\n<p><i>HomoCop. Condition et cause LGBT+ dans les m\u00e9tiers d\u2019ordre.<\/i><\/p>\n<p>Discussion\u00a0: <b>Mathilde Darley <\/b>(CNRS, CESDIP)<\/p>\n<p><img decoding=\"async\" loading=\"lazy\" class=\"wp-image-729 aligncenter\" src=\"https:\/\/regis-schlagdenhauffen.eu\/wp-content\/uploads\/2019\/01\/Capture-d\u2019\u00e9cran-2019-01-22-\u00e0-07.55.06-300x205.png\" alt=\"\" width=\"360\" height=\"246\" srcset=\"https:\/\/regis-schlagdenhauffen.eu\/wp-content\/uploads\/2019\/01\/Capture-d\u2019\u00e9cran-2019-01-22-\u00e0-07.55.06-300x205.png 300w, https:\/\/regis-schlagdenhauffen.eu\/wp-content\/uploads\/2019\/01\/Capture-d\u2019\u00e9cran-2019-01-22-\u00e0-07.55.06-768x525.png 768w, https:\/\/regis-schlagdenhauffen.eu\/wp-content\/uploads\/2019\/01\/Capture-d\u2019\u00e9cran-2019-01-22-\u00e0-07.55.06-150x103.png 150w, https:\/\/regis-schlagdenhauffen.eu\/wp-content\/uploads\/2019\/01\/Capture-d\u2019\u00e9cran-2019-01-22-\u00e0-07.55.06.png 839w\" sizes=\"(max-width: 360px) 100vw, 360px\" \/><\/p>\n<p><span style=\"text-decoration: underline;\"><strong>Organisation<\/strong><\/span>\u00a0:\u00a0<strong>J\u00e9r\u00e9mie Gauthier<\/strong> (<a href=\"mailto:jeremie.gauthier@unistra.fr\" target=\"_blank\" rel=\"noopener\">jeremie.gauthier@unistra.fr<\/a>) &amp;\u00a0<strong>R\u00e9gis Schlagdenhauffen<\/strong> (<a href=\"mailto:regis.schlagdenhauffen@ehess.fr\" target=\"_blank\" rel=\"noopener\">regis.schlagdenhauffen@ehess.<wbr \/>fr<\/a>)<\/p>\n","protected":false},"excerpt":{"rendered":"<p>\u00ab\u00a0Police, justice et homosexualit\u00e9s.\u00a0 Regards historiques, sociologiques et comparatifs\u00a0\u00bb\u00a0 Journ\u00e9e d&rsquo;\u00e9tudes qui se tiendra le 15 f\u00e9vrier 2019 \u00e0 l\u2019\u00c9cole des hautes \u00e9tudes en sciences sociales, 96 boulevard Raspail, Salle des Lombard. Cette manifestation est organis\u00e9e et financ\u00e9e dans le cadre d\u2019un \u00ab\u00a0programme formation-recherche\u00a0\u00bb du CIERA, en partenariat avec l\u2019EHESS,\u2026<\/p>\n<p class=\"continue-reading-button\"> <a class=\"continue-reading-link\" href=\"https:\/\/regis-schlagdenhauffen.eu\/?p=726\">Lire la suite&#8230;<i class=\"crycon-right-dir\"><\/i><\/a><\/p>\n","protected":false},"author":1,"featured_media":727,"comment_status":"open","ping_status":"open","sticky":false,"template":"","format":"standard","meta":[],"categories":[186,308],"tags":[475,477,58,309,18,426,37,474,476],"_links":{"self":[{"href":"https:\/\/regis-schlagdenhauffen.eu\/index.php?rest_route=\/wp\/v2\/posts\/726"}],"collection":[{"href":"https:\/\/regis-schlagdenhauffen.eu\/index.php?rest_route=\/wp\/v2\/posts"}],"about":[{"href":"https:\/\/regis-schlagdenhauffen.eu\/index.php?rest_route=\/wp\/v2\/types\/post"}],"author":[{"embeddable":true,"href":"https:\/\/regis-schlagdenhauffen.eu\/index.php?rest_route=\/wp\/v2\/users\/1"}],"replies":[{"embeddable":true,"href":"https:\/\/regis-schlagdenhauffen.eu\/index.php?rest_route=%2Fwp%2Fv2%2Fcomments&post=726"}],"version-history":[{"count":6,"href":"https:\/\/regis-schlagdenhauffen.eu\/index.php?rest_route=\/wp\/v2\/posts\/726\/revisions"}],"predecessor-version":[{"id":736,"href":"https:\/\/regis-schlagdenhauffen.eu\/index.php?rest_route=\/wp\/v2\/posts\/726\/revisions\/736"}],"wp:featuredmedia":[{"embeddable":true,"href":"https:\/\/regis-schlagdenhauffen.eu\/index.php?rest_route=\/wp\/v2\/media\/727"}],"wp:attachment":[{"href":"https:\/\/regis-schlagdenhauffen.eu\/index.php?rest_route=%2Fwp%2Fv2%2Fmedia&parent=726"}],"wp:term":[{"taxonomy":"category","embeddable":true,"href":"https:\/\/regis-schlagdenhauffen.eu\/index.php?rest_route=%2Fwp%2Fv2%2Fcategories&post=726"},{"taxonomy":"post_tag","embeddable":true,"href":"https:\/\/regis-schlagdenhauffen.eu\/index.php?rest_route=%2Fwp%2Fv2%2Ftags&post=726"}],"curies":[{"name":"wp","href":"https:\/\/api.w.org\/{rel}","templated":true}]}}